{"id":35567,"date":"2021-08-30T10:59:51","date_gmt":"2021-08-30T13:59:51","guid":{"rendered":"http:\/\/www.sincomam.org.br\/?p=35567"},"modified":"2021-08-30T11:08:16","modified_gmt":"2021-08-30T14:08:16","slug":"conta-de-luz-seguira-na-bandeira-vermelha-2-seu-maior-patamar-em-setembro","status":"publish","type":"post","link":"https:\/\/www.sincomam.org.br\/index.php\/conta-de-luz-seguira-na-bandeira-vermelha-2-seu-maior-patamar-em-setembro\/","title":{"rendered":"Conta de luz seguir\u00e1 na bandeira vermelha 2, seu maior patamar, em setembro"},"content":{"rendered":"<p>A Ag\u00eancia Nacional de Energia El\u00e9trica (Aneel) decidiu, na sexta-feira (27), manter a bandeira vermelha, patamar 2, para o m\u00eas de setembro. Com isso, o custo de cada 100 kilowatt-hora (kWh) consumido continua sendo de R$9,492. Segundo a Ag\u00eancia, agosto foi mais um m\u00eas de severidade para o regime hidrol\u00f3gico do Sistema Interligado Nacional (SIN). O registro sobre as aflu\u00eancias \u00e0s principais bacias hidrogr\u00e1ficas continuou entre os mais cr\u00edticos do hist\u00f3rico.<\/p>\n<p>A perspectiva para setembro n\u00e3o deve se alterar significativamente, com os principais reservat\u00f3rios do SIN atingindo n\u00edveis consideravelmente baixos para essa \u00e9poca do ano. Essa conjuntura sinaliza horizonte com reduzida capacidade de produ\u00e7\u00e3o hidrel\u00e9trica e necessidade de acionamento m\u00e1ximo dos recursos termel\u00e9tricos, pressionando os custos relacionados ao risco hidrol\u00f3gico (GSF) e o pre\u00e7o da energia no mercado de curto de prazo (PLD). O PLD e o GSF s\u00e3o as duas vari\u00e1veis que determinam a cor da bandeira a ser acionada. Importante frisar que os valores das bandeiras tarif\u00e1rias est\u00e3o em an\u00e1lise e ser\u00e3o divulgados posteriormente.<\/p>\n<p>Criado pela Aneel, o sistema de bandeiras tarif\u00e1rias sinaliza o custo real da energia gerada, possibilitando aos consumidores o bom uso da energia el\u00e9trica. O funcionamento das bandeiras tarif\u00e1rias \u00e9 simples: as cores verde, amarela ou vermelha (nos patamares 1 e 2) indicam se a energia custar\u00e1 mais ou menos em fun\u00e7\u00e3o das condi\u00e7\u00f5es de gera\u00e7\u00e3o. Com as bandeiras, a conta de luz ficou mais transparente e o consumidor tem a melhor informa\u00e7\u00e3o, para usar a energia el\u00e9trica de forma mais eficiente, sem desperd\u00edcios. Com a manuten\u00e7\u00e3o da bandeira vermelha em seu maior patamar \u00e9 importante refor\u00e7ar aos consumidores a\u00e7\u00f5es relacionadas ao uso consciente e ao combate ao desperd\u00edcio de energia.<\/p>\n<p>Diante disso, foi lan\u00e7ada em 15\/8 a primeira fase da campanha de uso consciente de energia el\u00e9trica de iniciativa da Aneel, com apoio do Minist\u00e9rio de Minas e Energia (MME) e operacionaliza\u00e7\u00e3o da Abradee. O objetivo da a\u00e7\u00e3o \u00e9 incentivar a popula\u00e7\u00e3o a evitar o desperd\u00edcio de energia el\u00e9trica, em meio ao cen\u00e1rio de escassez h\u00eddrica \u2013 o pior em 91 anos \u2013 que reduz a produ\u00e7\u00e3o nas usinas hidrel\u00e9tricas e aumenta o pre\u00e7o da energia. Todos os materiais de divulga\u00e7\u00e3o da campanha est\u00e3o dispon\u00edveis na p\u00e1gina www.consumoconscienteja.com.br.<\/p>\n<p><strong>Dicas de Economia de Energia:<\/strong><br \/>\nChuveiro el\u00e9trico<br \/>\n-Tomar banhos mais curtos, de at\u00e9 cinco minutos<br \/>\n&#8211; Selecionar a temperatura morna no ver\u00e3o<br \/>\n&#8211; Verificar as pot\u00eancias no seu chuveiro e calcular o seu consumo<\/p>\n<p>Ar condicionado<br \/>\n&#8211; N\u00e3o deixar portas e janelas abertas em ambientes com ar condicionado<br \/>\n&#8211; Manter os filtros limpos<br \/>\n&#8211; Diminuir ao m\u00e1ximo o tempo de utiliza\u00e7\u00e3o do aparelho de ar condicionado<br \/>\n&#8211; Colocar cortinas nas janelas que recebem sol direto<\/p>\n<p>Geladeira<br \/>\n&#8211; S\u00f3 deixar a porta da geladeira aberta o tempo que for necess\u00e1rio<br \/>\n&#8211; Regular a temperatura interna de acordo com o manual de instru\u00e7\u00f5es<br \/>\n&#8211; Nunca colocar alimentos quentes dentro da geladeira<br \/>\n&#8211; Deixar espa\u00e7o para ventila\u00e7\u00e3o na parte de tr\u00e1s da geladeira e n\u00e3o utiliz\u00e1-la para secar panos<br \/>\n&#8211; N\u00e3o forrar as prateleiras<br \/>\n&#8211; Descongelar a geladeira e verificar as borrachas de veda\u00e7\u00e3o regularmente<\/p>\n<p>Ilumina\u00e7\u00e3o<br \/>\n&#8211; Utilizar ilumina\u00e7\u00e3o natural ou l\u00e2mpadas econ\u00f4micas e apagar a luz ao sair de um c\u00f4modo<br \/>\n&#8211; Pintar o ambiente com cores claras<\/p>\n<p>Ferro de passar<br \/>\n&#8211; Juntar roupas para passar de uma s\u00f3 vez<br \/>\n&#8211; Separar as roupas por tipo e come\u00e7ar por aquelas que exigem menor temperatura<br \/>\n&#8211; Nunca deixe o ferro ligado enquanto faz outra coisa<\/p>\n<p>Aparelhos em stand-by<br \/>\n&#8211; Retirar os aparelhos da tomada quando poss\u00edvel ou durante longas aus\u00eancias<\/p>\n<p>Fonte: Aneel<\/p>\n","protected":false},"excerpt":{"rendered":"<p>A Ag\u00eancia Nacional de Energia El\u00e9trica (Aneel) decidiu, na sexta-feira (27), manter a bandeira vermelha, patamar 2, para o m\u00eas de setembro. Com isso, o&#8230;<\/p>\n","protected":false},"author":1527,"featured_media":17940,"comment_status":"closed","ping_status":"closed","sticky":false,"template":"","format":"standard","meta":{"footnotes":""},"categories":[6],"tags":[],"class_list":["post-35567","post","type-post","status-publish","format-standard","has-post-thumbnail","hentry","category-noticias"],"_links":{"self":[{"href":"https:\/\/www.sincomam.org.br\/index.php\/wp-json\/wp\/v2\/posts\/35567","targetHints":{"allow":["GET"]}}],"collection":[{"href":"https:\/\/www.sincomam.org.br\/index.php\/wp-json\/wp\/v2\/posts"}],"about":[{"href":"https:\/\/www.sincomam.org.br\/index.php\/wp-json\/wp\/v2\/types\/post"}],"author":[{"embeddable":true,"href":"https:\/\/www.sincomam.org.br\/index.php\/wp-json\/wp\/v2\/users\/1527"}],"replies":[{"embeddable":true,"href":"https:\/\/www.sincomam.org.br\/index.php\/wp-json\/wp\/v2\/comments?post=35567"}],"version-history":[{"count":1,"href":"https:\/\/www.sincomam.org.br\/index.php\/wp-json\/wp\/v2\/posts\/35567\/revisions"}],"predecessor-version":[{"id":35568,"href":"https:\/\/www.sincomam.org.br\/index.php\/wp-json\/wp\/v2\/posts\/35567\/revisions\/35568"}],"wp:featuredmedia":[{"embeddable":true,"href":"https:\/\/www.sincomam.org.br\/index.php\/wp-json\/wp\/v2\/media\/17940"}],"wp:attachment":[{"href":"https:\/\/www.sincomam.org.br\/index.php\/wp-json\/wp\/v2\/media?parent=35567"}],"wp:term":[{"taxonomy":"category","embeddable":true,"href":"https:\/\/www.sincomam.org.br\/index.php\/wp-json\/wp\/v2\/categories?post=35567"},{"taxonomy":"post_tag","embeddable":true,"href":"https:\/\/www.sincomam.org.br\/index.php\/wp-json\/wp\/v2\/tags?post=35567"}],"curies":[{"name":"wp","href":"https:\/\/api.w.org\/{rel}","templated":true}]}}