{"id":35563,"date":"2021-08-30T10:54:27","date_gmt":"2021-08-30T13:54:27","guid":{"rendered":"http:\/\/www.sincomam.org.br\/?p=35563"},"modified":"2021-08-30T11:08:34","modified_gmt":"2021-08-30T14:08:34","slug":"porto-de-santos-obras-de-melhoria-irao-afetar-transito-na-regiao-central-de-santos-por-30-dias","status":"publish","type":"post","link":"https:\/\/www.sincomam.org.br\/index.php\/porto-de-santos-obras-de-melhoria-irao-afetar-transito-na-regiao-central-de-santos-por-30-dias\/","title":{"rendered":"Porto de Santos: obras de melhoria ir\u00e3o afetar tr\u00e2nsito na regi\u00e3o central de Santos por 30 dias"},"content":{"rendered":"<p>A partir desta segunda-feira (30), o tr\u00e2nsito na regi\u00e3o portu\u00e1ria junto ao centro de Santos vai passar por mudan\u00e7a tempor\u00e1ria para melhorias: um trecho da via perimetral do Porto de Santos ter\u00e1 o tr\u00e2nsito em meia pista. A medida est\u00e1 prevista para durar 30 dias e a recomenda\u00e7\u00e3o \u00e9 de que o tr\u00e1fego urbano evite a regi\u00e3o portu\u00e1ria neste per\u00edodo.<\/p>\n<p>O sentido Ponta da Praia \u2013 Alemoa da Rua Ant\u00f4nio Prado ser\u00e1 interditado para pavimenta\u00e7\u00e3o asf\u00e1ltica. O trecho fica entre o Largo Marques de Monte Alegre (em frente ao Museu Pel\u00e9) e a Pra\u00e7a da Rep\u00fablica \u2013 onde fica o terminal de passageiros da travessia Santos \u2013 Vicente de Carvalho. Com isso, o tr\u00e2nsito ser\u00e1 desviado para o sentido contr\u00e1rio da via, ficando meia pista para cada sentido.<\/p>\n<p>O trecho \u00e9 utilizado como sa\u00edda para a Via Anchieta dos transportadores que saem de terminais da margem direita de graneis s\u00f3lidos vegetais e minerais, de cont\u00eaineres e de celulose. Mas tamb\u00e9m \u00e9 bastante utilizado pelos motoristas do tr\u00e1fego urbano como op\u00e7\u00e3o de liga\u00e7\u00e3o entre a Ponta da Praia e o Centro de Santos. Com a interdi\u00e7\u00e3o, a orienta\u00e7\u00e3o \u00e9 de que este tr\u00e2nsito opte pelas ruas e avenidas internas da cidade.<\/p>\n<p>Sinaliza\u00e7\u00e3o de orienta\u00e7\u00e3o ser\u00e1 instalada para indicar os desvios. Os caminh\u00f5es, por restri\u00e7\u00e3o de tr\u00e1fego, n\u00e3o poder\u00e3o utilizar outras avenidas para acesso e sa\u00edda do Porto. A Guarda Portu\u00e1ria e a Companhia de Engenharia de Tr\u00e1fego (CET) do munic\u00edpio de Santos v\u00e3o intensificar o monitoramento nos locais afetados. Em caso de ocorr\u00eancias de tr\u00e2nsito, o usu\u00e1rio pode entrar em contato com a Guarda Portu\u00e1ria (telefone 3202-6570) ou com a CET, pelo telefone 0800-77 19 194. Para d\u00favidas, o contato \u00e9 o email transito@brssz.com.<\/p>\n<p>Fonte: Porto de Santos<\/p>\n","protected":false},"excerpt":{"rendered":"<p>A partir desta segunda-feira (30), o tr\u00e2nsito na regi\u00e3o portu\u00e1ria junto ao centro de Santos vai passar por mudan\u00e7a tempor\u00e1ria para melhorias: um trecho da&#8230;<\/p>\n","protected":false},"author":1527,"featured_media":18319,"comment_status":"closed","ping_status":"closed","sticky":false,"template":"","format":"standard","meta":{"footnotes":""},"categories":[6],"tags":[],"class_list":["post-35563","post","type-post","status-publish","format-standard","has-post-thumbnail","hentry","category-noticias"],"_links":{"self":[{"href":"https:\/\/www.sincomam.org.br\/index.php\/wp-json\/wp\/v2\/posts\/35563","targetHints":{"allow":["GET"]}}],"collection":[{"href":"https:\/\/www.sincomam.org.br\/index.php\/wp-json\/wp\/v2\/posts"}],"about":[{"href":"https:\/\/www.sincomam.org.br\/index.php\/wp-json\/wp\/v2\/types\/post"}],"author":[{"embeddable":true,"href":"https:\/\/www.sincomam.org.br\/index.php\/wp-json\/wp\/v2\/users\/1527"}],"replies":[{"embeddable":true,"href":"https:\/\/www.sincomam.org.br\/index.php\/wp-json\/wp\/v2\/comments?post=35563"}],"version-history":[{"count":1,"href":"https:\/\/www.sincomam.org.br\/index.php\/wp-json\/wp\/v2\/posts\/35563\/revisions"}],"predecessor-version":[{"id":35564,"href":"https:\/\/www.sincomam.org.br\/index.php\/wp-json\/wp\/v2\/posts\/35563\/revisions\/35564"}],"wp:featuredmedia":[{"embeddable":true,"href":"https:\/\/www.sincomam.org.br\/index.php\/wp-json\/wp\/v2\/media\/18319"}],"wp:attachment":[{"href":"https:\/\/www.sincomam.org.br\/index.php\/wp-json\/wp\/v2\/media?parent=35563"}],"wp:term":[{"taxonomy":"category","embeddable":true,"href":"https:\/\/www.sincomam.org.br\/index.php\/wp-json\/wp\/v2\/categories?post=35563"},{"taxonomy":"post_tag","embeddable":true,"href":"https:\/\/www.sincomam.org.br\/index.php\/wp-json\/wp\/v2\/tags?post=35563"}],"curies":[{"name":"wp","href":"https:\/\/api.w.org\/{rel}","templated":true}]}}