{"id":35538,"date":"2021-08-27T12:31:14","date_gmt":"2021-08-27T15:31:14","guid":{"rendered":"http:\/\/www.sincomam.org.br\/?p=35538"},"modified":"2021-08-27T12:31:14","modified_gmt":"2021-08-27T15:31:14","slug":"moradores-do-rio-terao-que-apresentar-comprovante-de-vacinacao-para-ter-acesso-a-academias-estadios-cinemas-teatros-e-pontos-turisticos","status":"publish","type":"post","link":"https:\/\/www.sincomam.org.br\/index.php\/moradores-do-rio-terao-que-apresentar-comprovante-de-vacinacao-para-ter-acesso-a-academias-estadios-cinemas-teatros-e-pontos-turisticos\/","title":{"rendered":"Moradores do Rio ter\u00e3o que apresentar comprovante de vacina\u00e7\u00e3o para ter acesso a academias, est\u00e1dios, cinemas, teatros e pontos tur\u00edsticos"},"content":{"rendered":"<p>A partir de 1\u00ba de setembro, a capital fluminense vai cobrar das pessoas apresenta\u00e7\u00e3o de comprovante de vacina\u00e7\u00e3o para acessar alguns locais, de acordo com decreto do munic\u00edpio do Rio de Janeiro. Entre eles est\u00e3o academias, est\u00e1dios, clubes, parques, cinemas e teatros, e pontos tur\u00edsticos.<\/p>\n<p>Bares e restaurantes n\u00e3o est\u00e3o inclusos no decreto. Cada estabelecimento dever\u00e1 criar um registro eletr\u00f4nico de cada pessoa presente nas depend\u00eancias, incluindo funcion\u00e1rios e clientes. O sistema eletr\u00f4nico ser\u00e1 de responsabilidade de cada ponto comercial.<\/p>\n<p>Os comprovantes s\u00e3o a carteira de vacina\u00e7\u00e3o digital do ConecteSus, ou um papel timbrado da Secretaria Municipal de Sa\u00fade atestando que a pessoa foi imunizada. Pessoas que foram imunizadas no exterior tamb\u00e9m dever\u00e3o apresentar o cart\u00e3o de vacina.<\/p>\n<p>O comprovante tamb\u00e9m ser\u00e1 exigido para a realiza\u00e7\u00e3o de cirurgias n\u00e3o emergenciais. A vacina\u00e7\u00e3o tamb\u00e9m vai ser obrigat\u00f3ria para quem recebe o cart\u00e3o Fam\u00edlia Carioca, e deseja continuar incluso no Programa de Transfer\u00eancia de Renda do munic\u00edpio. Quem estiver imunizado apenas com a primeira dose, vai precisar comprovar que ainda n\u00e3o chegou a data da segunda aplica\u00e7\u00e3o.<\/p>\n<p>Nesta quinta-feira (25), um dia ap\u00f3s cancelar o in\u00edcio do plano de flexibiliza\u00e7\u00e3o das restri\u00e7\u00f5es em 2 de setembro, o prefeito Eduardo Paes mais uma vez mudou o discurso, e disse que o afrouxamento das medidas pode, sim, ser mantido para a data, caso a cidade alcance metade da popula\u00e7\u00e3o vacinada com as duas doses. Atualmente cerca de 36% dos moradores completaram o esquema vacinal.<\/p>\n<p>Na semana passada, Paes chegou a dizer que o Rio vive o pior momento da pandemia em 2021, com aumento de casos de covid-19 e hospitaliza\u00e7\u00f5es. Cerca de 200 mil pessoas n\u00e3o voltaram aos postos para tomar a segunda dose da vacina.<\/p>\n<p>Fonte: R\u00e1dio Bandnews<\/p>\n","protected":false},"excerpt":{"rendered":"<p>A partir de 1\u00ba de setembro, a capital fluminense vai cobrar das pessoas apresenta\u00e7\u00e3o de comprovante de vacina\u00e7\u00e3o para acessar alguns locais, de acordo com&#8230;<\/p>\n","protected":false},"author":1527,"featured_media":30124,"comment_status":"closed","ping_status":"closed","sticky":false,"template":"","format":"standard","meta":{"footnotes":""},"categories":[6],"tags":[],"class_list":["post-35538","post","type-post","status-publish","format-standard","has-post-thumbnail","hentry","category-noticias"],"_links":{"self":[{"href":"https:\/\/www.sincomam.org.br\/index.php\/wp-json\/wp\/v2\/posts\/35538","targetHints":{"allow":["GET"]}}],"collection":[{"href":"https:\/\/www.sincomam.org.br\/index.php\/wp-json\/wp\/v2\/posts"}],"about":[{"href":"https:\/\/www.sincomam.org.br\/index.php\/wp-json\/wp\/v2\/types\/post"}],"author":[{"embeddable":true,"href":"https:\/\/www.sincomam.org.br\/index.php\/wp-json\/wp\/v2\/users\/1527"}],"replies":[{"embeddable":true,"href":"https:\/\/www.sincomam.org.br\/index.php\/wp-json\/wp\/v2\/comments?post=35538"}],"version-history":[{"count":1,"href":"https:\/\/www.sincomam.org.br\/index.php\/wp-json\/wp\/v2\/posts\/35538\/revisions"}],"predecessor-version":[{"id":35539,"href":"https:\/\/www.sincomam.org.br\/index.php\/wp-json\/wp\/v2\/posts\/35538\/revisions\/35539"}],"wp:featuredmedia":[{"embeddable":true,"href":"https:\/\/www.sincomam.org.br\/index.php\/wp-json\/wp\/v2\/media\/30124"}],"wp:attachment":[{"href":"https:\/\/www.sincomam.org.br\/index.php\/wp-json\/wp\/v2\/media?parent=35538"}],"wp:term":[{"taxonomy":"category","embeddable":true,"href":"https:\/\/www.sincomam.org.br\/index.php\/wp-json\/wp\/v2\/categories?post=35538"},{"taxonomy":"post_tag","embeddable":true,"href":"https:\/\/www.sincomam.org.br\/index.php\/wp-json\/wp\/v2\/tags?post=35538"}],"curies":[{"name":"wp","href":"https:\/\/api.w.org\/{rel}","templated":true}]}}