{"id":35521,"date":"2021-08-26T11:00:58","date_gmt":"2021-08-26T14:00:58","guid":{"rendered":"http:\/\/www.sincomam.org.br\/?p=35521"},"modified":"2021-08-26T13:44:05","modified_gmt":"2021-08-26T16:44:05","slug":"previa-da-inflacao-fica-em-089-em-agosto-maior-para-o-mes-desde-2002","status":"publish","type":"post","link":"https:\/\/www.sincomam.org.br\/index.php\/previa-da-inflacao-fica-em-089-em-agosto-maior-para-o-mes-desde-2002\/","title":{"rendered":"Pr\u00e9via da infla\u00e7\u00e3o fica em 0,89% em agosto, maior para o m\u00eas desde 2002"},"content":{"rendered":"<p>Puxado pelo aumento da energia el\u00e9trica, o \u00cdndice Nacional de Pre\u00e7os ao Consumidor Amplo 15 (IPCA-15) ficou em 0,89% em agosto. Esse resultado \u00e9 o maior para um m\u00eas de agosto desde 2002, quando atingiu 1,00%. No ano, o indicador acumula alta de 5,81% e nos \u00faltimos 12 meses, de 9,30%, apontam os dados divulgados nesta quarta-feira (25) pelo IBGE.<\/p>\n<p>Com aumento de 5,00%, a energia el\u00e9trica exerceu o maior impacto individual no resultado, sendo respons\u00e1vel por 0,23 ponto percentual no \u00edndice do m\u00eas. No contexto da crise h\u00eddrica, a bandeira tarif\u00e1ria vermelha patamar 2 vigorou nos meses de julho e agosto. Al\u00e9m disso, a partir de 1\u00ba de julho, houve reajuste de 52% no valor adicional da bandeira, que passou a cobrar R$ 9,492 a cada 100 kWh consumidos (frente a R$ 6,243 em junho).<\/p>\n<p>Reajustes tarif\u00e1rios em S\u00e3o Paulo, Porto Alegre, Curitiba e Bel\u00e9m tamb\u00e9m explicam o resultado em agosto. Com isso, o grupo habita\u00e7\u00e3o ficou com a maior alta no m\u00eas: 1,97%, equivalente a 0,31 ponto percentual do \u00edndice geral. Al\u00e9m da energia el\u00e9trica, o grupo habita\u00e7\u00e3o foi influenciado pelos aumentos nos pre\u00e7os do g\u00e1s de botij\u00e3o (3,79%) e do g\u00e1s encanado (0,73%).<br \/>\nA segunda maior contribui\u00e7\u00e3o para o IPCA-15 de agosto veio dos transportes, com aumento de 1,11%, seguida por alimenta\u00e7\u00e3o e bebidas (1,02%). A \u00fanica queda foi em sa\u00fade e cuidados pessoais (-0,29%).<\/p>\n<p>No grupo dos transportes, os pre\u00e7os dos combust\u00edveis (2,02%) aceleraram em rela\u00e7\u00e3o a julho (0,38%). A principal contribui\u00e7\u00e3o (0,12 p.p.) veio da gasolina (2,05%), cuja varia\u00e7\u00e3o acumulada nos \u00faltimos 12 meses foi de 39,52%. Tamb\u00e9m subiram os pre\u00e7os do etanol (2,19%) e do \u00f3leo diesel (1,37%), enquanto o g\u00e1s veicular registrou queda de 0,51%.<\/p>\n<p>Por outro lado, houve defla\u00e7\u00e3o no grupo sa\u00fade e cuidados pessoais (-0,29%), que contribuiu com -0,04 p.p. no \u00edndice geral. Isso se deve sobretudo \u00e0 queda nos pre\u00e7os dos itens de higiene pessoal (-0,67%), produtos farmac\u00eauticos (-0,48%) e plano de sa\u00fade (-0,11%).<\/p>\n<p>Todas as \u00e1reas pesquisadas apresentaram infla\u00e7\u00e3o em agosto. O menor resultado ocorreu em Belo Horizonte (0,40%), influenciado pela queda das passagens a\u00e9reas (-20,05%) e taxa de \u00e1gua e esgoto (-6,40%). J\u00e1 a maior varia\u00e7\u00e3o foi registrada em Goi\u00e2nia (1,34%), onde pesaram as altas da gasolina (6,31%) e da energia el\u00e9trica (3,60%).<\/p>\n<p><strong>Mais sobre a pesquisa<\/strong><br \/>\nO Sistema Nacional de \u00cdndices de Pre\u00e7os ao Consumidor (SNIPC) produz cont\u00ednua e sistematicamente \u00edndices de pre\u00e7os ao consumidor. Com divulga\u00e7\u00e3o na internet iniciada em maio de 2000, o IPCA-15 difere do IPCA apenas no per\u00edodo de coleta, que abrange, em geral, do dia 16 do m\u00eas anterior ao 15 do m\u00eas de refer\u00eancia, e na abrang\u00eancia geogr\u00e1fica.<\/p>\n<p>Atualmente a popula\u00e7\u00e3o-objetivo do IPCA-15 abrange as fam\u00edlias com rendimentos de 1 a 40 sal\u00e1rios-m\u00ednimos, qualquer que seja a fonte, residentes em 11 \u00e1reas urbanas das regi\u00f5es de abrang\u00eancia do SNIPC, as quais s\u00e3o: regi\u00f5es metropolitanas de Bel\u00e9m, Fortaleza, Recife, Salvador, Belo Horizonte, Rio de Janeiro, S\u00e3o Paulo, Curitiba, Porto Alegre, al\u00e9m do Distrito Federal e do munic\u00edpio de Goi\u00e2nia. Veja os resultados completos no Sidra.<\/p>\n<p>Fonte: Ag\u00eancia IBGE<\/p>\n","protected":false},"excerpt":{"rendered":"<p>Puxado pelo aumento da energia el\u00e9trica, o \u00cdndice Nacional de Pre\u00e7os ao Consumidor Amplo 15 (IPCA-15) ficou em 0,89% em agosto. Esse resultado \u00e9 o&#8230;<\/p>\n","protected":false},"author":1527,"featured_media":29556,"comment_status":"closed","ping_status":"closed","sticky":false,"template":"","format":"standard","meta":{"footnotes":""},"categories":[6],"tags":[],"class_list":["post-35521","post","type-post","status-publish","format-standard","has-post-thumbnail","hentry","category-noticias"],"_links":{"self":[{"href":"https:\/\/www.sincomam.org.br\/index.php\/wp-json\/wp\/v2\/posts\/35521","targetHints":{"allow":["GET"]}}],"collection":[{"href":"https:\/\/www.sincomam.org.br\/index.php\/wp-json\/wp\/v2\/posts"}],"about":[{"href":"https:\/\/www.sincomam.org.br\/index.php\/wp-json\/wp\/v2\/types\/post"}],"author":[{"embeddable":true,"href":"https:\/\/www.sincomam.org.br\/index.php\/wp-json\/wp\/v2\/users\/1527"}],"replies":[{"embeddable":true,"href":"https:\/\/www.sincomam.org.br\/index.php\/wp-json\/wp\/v2\/comments?post=35521"}],"version-history":[{"count":1,"href":"https:\/\/www.sincomam.org.br\/index.php\/wp-json\/wp\/v2\/posts\/35521\/revisions"}],"predecessor-version":[{"id":35522,"href":"https:\/\/www.sincomam.org.br\/index.php\/wp-json\/wp\/v2\/posts\/35521\/revisions\/35522"}],"wp:featuredmedia":[{"embeddable":true,"href":"https:\/\/www.sincomam.org.br\/index.php\/wp-json\/wp\/v2\/media\/29556"}],"wp:attachment":[{"href":"https:\/\/www.sincomam.org.br\/index.php\/wp-json\/wp\/v2\/media?parent=35521"}],"wp:term":[{"taxonomy":"category","embeddable":true,"href":"https:\/\/www.sincomam.org.br\/index.php\/wp-json\/wp\/v2\/categories?post=35521"},{"taxonomy":"post_tag","embeddable":true,"href":"https:\/\/www.sincomam.org.br\/index.php\/wp-json\/wp\/v2\/tags?post=35521"}],"curies":[{"name":"wp","href":"https:\/\/api.w.org\/{rel}","templated":true}]}}