{"id":35515,"date":"2021-08-25T11:58:59","date_gmt":"2021-08-25T14:58:59","guid":{"rendered":"http:\/\/www.sincomam.org.br\/?p=35515"},"modified":"2021-08-26T17:32:34","modified_gmt":"2021-08-26T20:32:34","slug":"porto-de-vitoria-recebe-primeiro-grande-navio-durante-a-madrugada","status":"publish","type":"post","link":"https:\/\/www.sincomam.org.br\/index.php\/porto-de-vitoria-recebe-primeiro-grande-navio-durante-a-madrugada\/","title":{"rendered":"Porto de Vit\u00f3ria recebe primeiro grande navio durante a madrugada"},"content":{"rendered":"<p>Pela primeira vez em sua hist\u00f3ria, o Porto de Vit\u00f3ria registrou, na madrugada desta ter\u00e7a-feira (24), a primeira manobra noturna de entrada de embarca\u00e7\u00f5es acima de 206 metros de comprimento. O navio Log-In Resiliente atracou \u00e0s 3h45 da madrugada no ber\u00e7o 204 para movimentar cont\u00eaineres. A opera\u00e7\u00e3o ocorreu ap\u00f3s a libera\u00e7\u00e3o das manobras noturnas, aprovada pela<\/p>\n<p>Capitania dos Portos e edi\u00e7\u00e3o da Norma de Tr\u00e1fego e Perman\u00eancia de Navios e Embarca\u00e7\u00f5es (NORMAP 1), em junho deste ano.<br \/>\nA partir de agora, com a possibilidade das manobras noturnas por grandes navios, o Porto de Vit\u00f3ria se torna mais flex\u00edvel no atendimento aos seus clientes. Para garantir a seguran\u00e7a nas entradas, al\u00e9m do acompanhamento do Sistema de Informa\u00e7\u00e3o e Gerenciamento do Tr\u00e1fego de Embarca\u00e7\u00f5es (VTMIS) em tempo real, a Codesa investiu na melhoria da sinaliza\u00e7\u00e3o n\u00e1utica, como o reposicionamento de far\u00f3is de alinhamento.<\/p>\n<p>A expectativa do Porto de Vit\u00f3ria \u00e9 que ocorra incremento nas opera\u00e7\u00f5es portu\u00e1rias. Como os navios n\u00e3o precisam mais aguardar o amanhecer para acessar o cais, h\u00e1 ganhos de tempo e, consequentemente, de movimenta\u00e7\u00f5es. Al\u00e9m disso, ainda existe a vantagem de passar a atender as linhas de cabotagem. Muitos navios que navegam pelo litoral capixaba no per\u00edodo noturno n\u00e3o paravam, justamente porque teriam que esperar clarear o dia para atracar. Agora, de acordo com a programa\u00e7\u00e3o de navios, poder\u00e3o agendar a entrada noturna.<\/p>\n<p>Fonte: Portos e Navios<\/p>\n","protected":false},"excerpt":{"rendered":"<p>Pela primeira vez em sua hist\u00f3ria, o Porto de Vit\u00f3ria registrou, na madrugada desta ter\u00e7a-feira (24), a primeira manobra noturna de entrada de embarca\u00e7\u00f5es acima&#8230;<\/p>\n","protected":false},"author":1527,"featured_media":6436,"comment_status":"closed","ping_status":"closed","sticky":false,"template":"","format":"standard","meta":{"footnotes":""},"categories":[6],"tags":[],"class_list":["post-35515","post","type-post","status-publish","format-standard","has-post-thumbnail","hentry","category-noticias"],"_links":{"self":[{"href":"https:\/\/www.sincomam.org.br\/index.php\/wp-json\/wp\/v2\/posts\/35515","targetHints":{"allow":["GET"]}}],"collection":[{"href":"https:\/\/www.sincomam.org.br\/index.php\/wp-json\/wp\/v2\/posts"}],"about":[{"href":"https:\/\/www.sincomam.org.br\/index.php\/wp-json\/wp\/v2\/types\/post"}],"author":[{"embeddable":true,"href":"https:\/\/www.sincomam.org.br\/index.php\/wp-json\/wp\/v2\/users\/1527"}],"replies":[{"embeddable":true,"href":"https:\/\/www.sincomam.org.br\/index.php\/wp-json\/wp\/v2\/comments?post=35515"}],"version-history":[{"count":1,"href":"https:\/\/www.sincomam.org.br\/index.php\/wp-json\/wp\/v2\/posts\/35515\/revisions"}],"predecessor-version":[{"id":35516,"href":"https:\/\/www.sincomam.org.br\/index.php\/wp-json\/wp\/v2\/posts\/35515\/revisions\/35516"}],"wp:featuredmedia":[{"embeddable":true,"href":"https:\/\/www.sincomam.org.br\/index.php\/wp-json\/wp\/v2\/media\/6436"}],"wp:attachment":[{"href":"https:\/\/www.sincomam.org.br\/index.php\/wp-json\/wp\/v2\/media?parent=35515"}],"wp:term":[{"taxonomy":"category","embeddable":true,"href":"https:\/\/www.sincomam.org.br\/index.php\/wp-json\/wp\/v2\/categories?post=35515"},{"taxonomy":"post_tag","embeddable":true,"href":"https:\/\/www.sincomam.org.br\/index.php\/wp-json\/wp\/v2\/tags?post=35515"}],"curies":[{"name":"wp","href":"https:\/\/api.w.org\/{rel}","templated":true}]}}