{"id":35513,"date":"2021-08-25T11:56:57","date_gmt":"2021-08-25T14:56:57","guid":{"rendered":"http:\/\/www.sincomam.org.br\/?p=35513"},"modified":"2021-08-26T14:51:53","modified_gmt":"2021-08-26T17:51:53","slug":"presidente-do-bc-manifestou-preocupacao-com-preco-de-servicos-e-diz-que-crise-hidrica-pressionara-inflacao","status":"publish","type":"post","link":"https:\/\/www.sincomam.org.br\/index.php\/presidente-do-bc-manifestou-preocupacao-com-preco-de-servicos-e-diz-que-crise-hidrica-pressionara-inflacao\/","title":{"rendered":"Presidente do BC manifestou preocupa\u00e7\u00e3o com pre\u00e7o de servi\u00e7os e diz que crise h\u00eddrica pressionar\u00e1 infla\u00e7\u00e3o"},"content":{"rendered":"<p>Com impactos no pre\u00e7o da energia el\u00e9trica, a crise h\u00eddrica pressionar\u00e1 a infla\u00e7\u00e3o nos pr\u00f3ximos meses, disse o presidente do Banco Central (BC), Roberto Campos Neto. Ele tamb\u00e9m manifestou preocupa\u00e7\u00e3o com a infla\u00e7\u00e3o dos servi\u00e7os e com gargalos internacionais no fornecimento de insumos, como semicondutores, que afetam os pre\u00e7os de v\u00e1rias mercadorias. \u201c[A crise h\u00eddrica] agravou-se muito com a falta de chuva e deve continuar sendo um elemento de press\u00e3o nos pr\u00f3ximos meses\u201d, disse o presidente do BC em evento online promovido por uma empresa de investimentos financeiros. Sobre a infla\u00e7\u00e3o dos servi\u00e7os, ele disse que o grande risco est\u00e1 no fato de que a recupera\u00e7\u00e3o ocorre de forma distinta entre os setores, criando desequil\u00edbrios tempor\u00e1rios.<\/p>\n<p>Em rela\u00e7\u00e3o \u00e0 escassez de semicondutores, o presidente do BC disse acreditar que o problema esteja mais relacionado com o aumento da demanda provocado pela recupera\u00e7\u00e3o econ\u00f4mica global do que pela redu\u00e7\u00e3o da oferta. Os semicondutores s\u00e3o materiais capazes de conduzir correntes el\u00e9tricas, usados na produ\u00e7\u00e3o de chips de smartphones e computadores. Nos \u00faltimos meses, tem havido falta de chips em todo o planeta, o que afeta a produ\u00e7\u00e3o de diversos itens tecnol\u00f3gicos. \u201cA gente tem de fato uma espera um pouco maior [por semicondutores]. Mas se a gente olhar a produ\u00e7\u00e3o, houve uma queda muito grande em um ou dois meses [no in\u00edcio da pandemia], mas em grande parte da pandemia, ela s\u00f3 aumentou. Ent\u00e3o pode ter tido uma ruptura, mas acho que \u00e9 mais um tema de demanda\u201d, declarou.<\/p>\n<p><strong>Infla\u00e7\u00e3o verde<\/strong><br \/>\nOutro fator que tem pressionado a infla\u00e7\u00e3o, disse Campos Neto, \u00e9 o que ele chamou de infla\u00e7\u00e3o verde. Por causa dos investimentos em tecnologias limpas e ecol\u00f3gicas, a demanda por determinados tipos de materiais, como alguns tipos de metais, tem subido. Al\u00e9m disso, a adapta\u00e7\u00e3o de diversas t\u00e9cnicas de extra\u00e7\u00e3o mineral tem elevado temporariamente o custo de alguns materiais, como o alum\u00ednio.<\/p>\n<p>\u201cPara atingir esse crescimento mais verde, \u00e9 preciso uma demanda muito maior em alguns metais. Lembrando que para parte desses metais, a produ\u00e7\u00e3o n\u00e3o \u00e9 um processo muito verde, principalmente alum\u00ednio. Ent\u00e3o vemos com preocupa\u00e7\u00e3o not\u00edcias de fechamentos de minas de cobre, mudan\u00e7as para tornar mais sustent\u00e1vel a produ\u00e7\u00e3o de alum\u00ednio. Isso diminui a produ\u00e7\u00e3o e aumenta custos\u201d, destacou Campos Neto.<\/p>\n<p><strong>Meta<\/strong><br \/>\nNos 12 meses encerrados em julho, a infla\u00e7\u00e3o oficial est\u00e1 em 8,99% pelo \u00cdndice Nacional de Pre\u00e7os ao Consumidor Amplo (IPCA). Na edi\u00e7\u00e3o mais recente do boletim Focus, pesquisa de mercado feita toda semana pelo BC, os analistas financeiros esperam que o \u00edndice feche este ano em 7,11% e atinja 3,93% em 2022. As proje\u00e7\u00f5es est\u00e3o acima das metas de 3,75% em 2021 e de 3,5% no pr\u00f3ximo ano.<\/p>\n<p>Sobre o tema, o presidente do BC afirmou apenas que a autoridade monet\u00e1ria \u201cvai perseguir a meta no horizonte relevante\u201d, indicando que a infla\u00e7\u00e3o deve convergir para a meta at\u00e9 o fim de 2022. Ele tamb\u00e9m ressaltou que as estimativas do mercado para o IPCA no pr\u00f3ximo ano est\u00e3o maiores que expectativas do BC. \u201cO controle de expectativas de pre\u00e7os \u00e9 a vari\u00e1vel mais fundamental na economia. O BC entende que \u00e9 muito importante perseguir a meta em um horizonte relevante\u201d, destacou Campos Neto, reafirmando que a autoridade monet\u00e1ria tem os instrumentos necess\u00e1rios para fazer a infla\u00e7\u00e3o voltar \u00e0s metas estabelecidas.<\/p>\n<p><strong>Ru\u00eddo fiscal<\/strong><br \/>\nO presidente do BC classificou de \u201cru\u00eddos de curto prazo\u201d as incertezas provocadas pela reforma do Imposto de Renda, que pode diminuir a arrecada\u00e7\u00e3o, e a proposta de emenda \u00e0 Constitui\u00e7\u00e3o (PEC) que parcela os precat\u00f3rios (d\u00edvidas do governo reconhecidas definitivamente pela Justi\u00e7a) e introduz gastos fora do teto. Segundo Campos Neto, os dados atuais das contas p\u00fablicas est\u00e3o melhores do que as expectativas de mercado. \u201cO ru\u00eddo \u00e9 oriundo da percep\u00e7\u00e3o do mercado que alguns programas estariam ligados a uma necessidade de fazer um Bolsa Fam\u00edlia mais amplo e mais r\u00e1pido\u201d, declarou. Ele ressaltou que esses s\u00e3o planos do governo que ainda n\u00e3o se refletem no quadro fiscal nem nos fundamentos da economia.<\/p>\n<p>Fonte: Ag\u00eancia Brasil<\/p>\n<p>&nbsp;<\/p>\n","protected":false},"excerpt":{"rendered":"<p>Com impactos no pre\u00e7o da energia el\u00e9trica, a crise h\u00eddrica pressionar\u00e1 a infla\u00e7\u00e3o nos pr\u00f3ximos meses, disse o presidente do Banco Central (BC), Roberto Campos&#8230;<\/p>\n","protected":false},"author":1527,"featured_media":31397,"comment_status":"closed","ping_status":"closed","sticky":false,"template":"","format":"standard","meta":{"footnotes":""},"categories":[6],"tags":[],"class_list":["post-35513","post","type-post","status-publish","format-standard","has-post-thumbnail","hentry","category-noticias"],"_links":{"self":[{"href":"https:\/\/www.sincomam.org.br\/index.php\/wp-json\/wp\/v2\/posts\/35513","targetHints":{"allow":["GET"]}}],"collection":[{"href":"https:\/\/www.sincomam.org.br\/index.php\/wp-json\/wp\/v2\/posts"}],"about":[{"href":"https:\/\/www.sincomam.org.br\/index.php\/wp-json\/wp\/v2\/types\/post"}],"author":[{"embeddable":true,"href":"https:\/\/www.sincomam.org.br\/index.php\/wp-json\/wp\/v2\/users\/1527"}],"replies":[{"embeddable":true,"href":"https:\/\/www.sincomam.org.br\/index.php\/wp-json\/wp\/v2\/comments?post=35513"}],"version-history":[{"count":1,"href":"https:\/\/www.sincomam.org.br\/index.php\/wp-json\/wp\/v2\/posts\/35513\/revisions"}],"predecessor-version":[{"id":35514,"href":"https:\/\/www.sincomam.org.br\/index.php\/wp-json\/wp\/v2\/posts\/35513\/revisions\/35514"}],"wp:featuredmedia":[{"embeddable":true,"href":"https:\/\/www.sincomam.org.br\/index.php\/wp-json\/wp\/v2\/media\/31397"}],"wp:attachment":[{"href":"https:\/\/www.sincomam.org.br\/index.php\/wp-json\/wp\/v2\/media?parent=35513"}],"wp:term":[{"taxonomy":"category","embeddable":true,"href":"https:\/\/www.sincomam.org.br\/index.php\/wp-json\/wp\/v2\/categories?post=35513"},{"taxonomy":"post_tag","embeddable":true,"href":"https:\/\/www.sincomam.org.br\/index.php\/wp-json\/wp\/v2\/tags?post=35513"}],"curies":[{"name":"wp","href":"https:\/\/api.w.org\/{rel}","templated":true}]}}