{"id":35504,"date":"2021-08-24T09:55:59","date_gmt":"2021-08-24T12:55:59","guid":{"rendered":"http:\/\/www.sincomam.org.br\/?p=35504"},"modified":"2021-08-25T12:05:57","modified_gmt":"2021-08-25T15:05:57","slug":"mercado-financeiro-indices-futuros-americanos-e-asia-tem-alta-com-aprovacao-definitiva-da-vacina-da-pfizer-biontech-nos-eua-e-repercussao-de-falas-de-lira-e-campos-neto-no-brasil","status":"publish","type":"post","link":"https:\/\/www.sincomam.org.br\/index.php\/mercado-financeiro-indices-futuros-americanos-e-asia-tem-alta-com-aprovacao-definitiva-da-vacina-da-pfizer-biontech-nos-eua-e-repercussao-de-falas-de-lira-e-campos-neto-no-brasil\/","title":{"rendered":"Mercado financeiro: \u00edndices futuros americanos e \u00c1sia t\u00eam alta com aprova\u00e7\u00e3o definitiva da vacina da Pfizer-Biontech nos EUA e repercuss\u00e3o de falas de Lira e Campos Neto, no Brasil"},"content":{"rendered":"<p>A sess\u00e3o \u00e9 de ganhos para os \u00edndices futuros americanos, com os investidores seguindo o \u00e2nimo pela aprova\u00e7\u00e3o completa da vacina da Pfizer pela ag\u00eancia reguladora dos Estados Unidos, a FDA, enquanto a Europa tem movimento indefinido.<\/p>\n<p>Na China, a alta \u00e9 mais expressiva, com a retomada da posi\u00e7\u00e3o dos investidores para a\u00e7\u00f5es do setor de tecnologia, depois do cerco do governo ter pressionado os pre\u00e7os dos ativos. A sess\u00e3o tamb\u00e9m \u00e9 de alta para as commodities.<\/p>\n<p>Por aqui, aten\u00e7\u00e3o continua para o notici\u00e1rio pol\u00edtico e fiscal: o evento Expert XP 2021 conta com as falas de Arthur Lira, presidente da C\u00e2mara dos Deputados, durante a manh\u00e3, e de Roberto Campos Neto, presidente do Banco Central, no final da tarde.<\/p>\n<p>Ainda na agenda do dia, a Comiss\u00e3o de Constitui\u00e7\u00e3o e Justi\u00e7a (CCJ) sabatina o procurador-geral da Rep\u00fablica, Augusto Aras, para mais um mandato de dois anos no cargo. Confira os destaques:<\/p>\n<p><strong>1. Bolsas mundiais<br \/>\n<\/strong>A maior parte das bolsas mundiais tem leve alta nesta ter\u00e7a (24), seguindo os ganhos da v\u00e9spera ap\u00f3s a aprova\u00e7\u00e3o definitiva da vacina contra o Covid-19 da Pfizer-BioNTech nos Estados Unidos.<\/p>\n<p>Estados Unidos<br \/>\nNa segunda, os \u00edndices americanos foram impulsionados pelo desempenho de a\u00e7\u00f5es mais sens\u00edveis \u00e0 recupera\u00e7\u00e3o econ\u00f4mica. Esses pap\u00e9is avan\u00e7aram ap\u00f3s a Food and Drugs Administration (FDA) conceder a aprova\u00e7\u00e3o definitiva, e n\u00e3o mais apenas emergencial, do imunizante desenvolvido em parceria entre as farmac\u00eauticas Pfizer e BioNTech. Isso traz ainda mais confian\u00e7a sobre o uso dessas vacinas.<\/p>\n<p>Assim, o \u00edndice S&amp;P 500 fechou a sess\u00e3o de segunda-feira com alta de 0,8%; o Nasdaq avan\u00e7ou cerca de 1,5% e ficou pr\u00f3ximo de um novo recorde; e o Dow avan\u00e7ou mais de 200 pontos.<\/p>\n<p>Nesta semana, investidores acompanham o simp\u00f3sio de Jackson Hole, em que autoridades do Federal Reserve, o banco central americano, devem detalhar seus planos para a redu\u00e7\u00e3o de est\u00edmulos monet\u00e1rios. O Federal Reserve iniciou discuss\u00f5es para desacelerar seu programa bilion\u00e1rio de compra de t\u00edtulos no final de 2021, que vem injetando cerca de US$ 120 bilh\u00f5es mensalmente nos mercados. O presidente do Fed, Jerome Powell, realiza um discurso na sexta.<\/p>\n<p>Al\u00e9m disso, a temporada de divulga\u00e7\u00e3o de resultados est\u00e1 chegando ao seu fim com um forte desempenho das empresas. Mais de 90% das empresas listadas no \u00edndice S&amp;P informaram seus resultados, e a expectativa da Refinitiv \u00e9 de que os resultados tenham avan\u00e7ado cerca de 94,7%.<\/p>\n<p>\u00c1sia<br \/>\nAs bolsas asi\u00e1ticas fecharam a ter\u00e7a-feira em alta, tamb\u00e9m impulsionadas pela aprova\u00e7\u00e3o definitiva da vacina desenvolvida em parceria entre Pfizer e BioNTech, com destaque positivo para a bolsa de Hong Kong.<\/p>\n<p>Os \u00edndices tamb\u00e9m foram afetados por reportagem da ag\u00eancia internacional de not\u00edcias Reuters informando que a a Securities and Exchange Commission (SEC, equivalente a CVM nos Estados Unidos) come\u00e7ou a emitir novos requisitos de divulga\u00e7\u00e3o para empresas chinesas que buscam se listar em Nova York como parte de um esfor\u00e7o para aumentar a consci\u00eancia dos investidores sobre os riscos envolvidos.<\/p>\n<p>Algumas empresas chinesas j\u00e1 come\u00e7aram a receber instru\u00e7\u00f5es detalhadas da SEC, que regula o mercado de capitais nos Estados Unidos, sobre uma maior divulga\u00e7\u00e3o de seu uso de ve\u00edculos offshore conhecidos como entidades de interesse vari\u00e1vel (VIEs) para IPOs; implica\u00e7\u00f5es para os investidores e o risco de que as autoridades chinesas interfiram nas opera\u00e7\u00f5es da companhia.<\/p>\n<p>No m\u00eas passado, o presidente da SEC, Gary Gensler, pediu uma \u201cpausa\u201d nas ofertas p\u00fablicas iniciais (IPOs) norte-americanas de empresas chinesas e buscou mais transpar\u00eancia sobre essas quest\u00f5es.<\/p>\n<p>As listagens chinesas nos Estados Unidos pararam ap\u00f3s a a\u00e7\u00e3o da SEC.<\/p>\n<p>O \u00edndice Hang Seng, de Hong Kong, fechou na ter\u00e7a com alta de 2,46%, com destaque positivo para a\u00e7\u00f5es do setor de tecnologia. Os pap\u00e9is da Tencent subiram 8,81%; os da Meituan, 13,51%; e os do Alibaba, 9,47%. Assim, o \u00edndice Hang Seng Tech avan\u00e7ou 7,06%.<\/p>\n<p>Na China continental, o \u00edndice Shanghai composto avan\u00e7ou 1,07%, e o componente Shenzhen, 0,878%; o Nikkei avan\u00e7ou 0,87%; na Coreia do Sul, o Kospi avan\u00e7ou 1,56%.<\/p>\n<p>Europa<br \/>\nAs bolsas europeias oscilam entre leves altas e perdas ap\u00f3s subirem mais cedo nesta ter\u00e7a, tamb\u00e9m impulsionadas pela aprova\u00e7\u00e3o da vacina de Pfizer e BioNTech nos Estados Unidos, al\u00e9m de uma redu\u00e7\u00e3o dos temores em torno da redu\u00e7\u00e3o de est\u00edmulos pelo Federal Reserve.<\/p>\n<p>Segundo dados divulgados nesta ter\u00e7a pelo Escrit\u00f3rio Federal de Estat\u00edsticas, o PIB ajustado para efeitos sazonais da Alemanha cresceu 1,6% no segundo trimestre. O avan\u00e7o superou por pouco a estimativa anterior do \u00f3rg\u00e3o, de alta de 1,5%.<\/p>\n<p>Al\u00e9m disso, a ag\u00eancia internacional de not\u00edcias Reuters informou que o G7, que re\u00fane as sete maiores economias de pa\u00edses desenvolvidos do mundo, deve se reunir nesta semana para obter uma decis\u00e3o unificada sobre reconhecer ou n\u00e3o o governo do Taleban no Afeganist\u00e3o, ou se devem ser impostas san\u00e7\u00f5es \u00e0 organiza\u00e7\u00e3o.<\/p>\n<p><strong>Commodities<\/strong><br \/>\nA sess\u00e3o tamb\u00e9m \u00e9 de ganhos expressivos para o min\u00e9rio de ferro, com o contrato futuro mais negociado na Bolsa de Dalian em alta de mais de 6%. J\u00e1 ap\u00f3s a disparada de cerca de 5% da v\u00e9spera, o petr\u00f3leo segue com ganhos de mais de 1%, tamb\u00e9m na esteira da not\u00edcia da vacina da Pfizer-Biontech.<\/p>\n<p><strong>Principais indicadores<br \/>\n<\/strong>Veja os principais indicadores \u00e0s 7h30 (hor\u00e1rio de Bras\u00edlia):<\/p>\n<p>Estados Unidos<br \/>\n*Dow Jones Futuro (EUA), +0,1%<br \/>\n*S&amp;P 500 Futuro (EUA), +0,15%<br \/>\n*Nasdaq Futuro (EUA), +0,3%<\/p>\n<p>Europa<br \/>\n*FTSE 100 (Reino Unido), -0,27%<br \/>\n*Dax (Alemanha), +0,21%<br \/>\n*CAC 40 (Fran\u00e7a), -0,29%<br \/>\n*FTSE MIB (It\u00e1lia), -0,22%<\/p>\n<p>\u00c1sia<br \/>\n*Nikkei (Jap\u00e3o), +0,87% (fechado)<br \/>\n*Shanghai SE (China), +1,07% (fechado)<br \/>\n*Hang Seng Index (Hong Kong), +2,46% (fechado)<br \/>\n*Kospi (Coreia do Sul), +1,56% (fechado)<\/p>\n<p>Commodities e bitcoin<br \/>\n*Petr\u00f3leo WTI, +1,173%, a US$ 66,41 o barril<br \/>\n*Petr\u00f3leo Brent, +1,34%, a US$ 69,67 o barril<br \/>\n*Bitcoin, -1,56%, a US$ 49.531,19<br \/>\nSobre o min\u00e9rio: **Contratos futuros do min\u00e9rio de ferro negociados na bolsa de Dalian com alta de 6,17%, cotados a 817,5 iuanes, equivalente hoje a US$ 126,1 (nas \u00faltimas 24 horas).<br \/>\nUSD\/CNY = 6,48<\/p>\n<p><strong>2. Agenda<\/strong><br \/>\nEm destaque na agenda brasileira, est\u00e3o as falas de Arthur Lira e Roberto Campos Neto na a 11\u00aa edi\u00e7\u00e3o da Expert XP, evento anual realizado pela companhia e um dos maiores festivais de investimentos do mundo. O evento acontece de forma online e gratuita entre os dias 24 e 26 de agosto.<\/p>\n<p>Nos EUA, aten\u00e7\u00e3o para os dados de moradia, petr\u00f3leo e de manufatura no pa\u00eds.<\/p>\n<p>Brasil<br \/>\n9h30: Na CPI da Covid, Emanuel Catori, um dos s\u00f3cios da farmac\u00eautica Belcher, presta depoimento<br \/>\n10h30: Arthur Lira (PP-AL), presidente da C\u00e2mara dos Deputados, participa da Expert XP 2021.<br \/>\n16h: Fl\u00e1via Arruda, ministra da Secretaria de Governo, fala na Expert XP<br \/>\n17h: Tarc\u00edsio de Freitas, ministro da Infraestrutura, fala na Expert XP<br \/>\n18h: Roberto Campos Neto, presidente do Banco Central, ministra palestra no evento da XP<br \/>\nCCJ do Senado sabatina o procurador-geral da Rep\u00fablica, Augusto Aras<\/p>\n<p>Estados Unidos<br \/>\n11h00: Departamento de Com\u00e9rcio dos Estados Unidos divulga dados sobre vendas de casas novas em julho no pa\u00eds.<br \/>\n11h00: Federal Reserve de Richmond divulga o \u00edndice de manufatura relativo a agosto.<br \/>\n17h30: Dados preliminares de estoques de petr\u00f3leo divulgados pelo API.<\/p>\n<p>Europa<br \/>\n9h30: Isabel Schnabel, do Banco Central Europeu, realiza um pronunciamento.<\/p>\n<p><strong>3. Covid, vacina\u00e7\u00e3o e CPI<br \/>\n<\/strong>Na segunda (23), a m\u00e9dia m\u00f3vel de mortes por Covid em 7 dias no Brasil ficou em 766, queda de 15% em compara\u00e7\u00e3o com o patamar de 14 dias antes. Em apenas um dia, foram registradas 370 mortes. As informa\u00e7\u00f5es s\u00e3o do cons\u00f3rcio de ve\u00edculos de imprensa que sistematiza dados sobre Covid coletados por secretarias de Sa\u00fade no Brasil, que divulgou, \u00e0s 20h, o avan\u00e7o da pandemia em 24 h.<\/p>\n<p>A m\u00e9dia m\u00f3vel de novos casos em sete dias foi de 29.186, o que representa queda de 10% em rela\u00e7\u00e3o ao patamar de 14 dias antes. Em apenas um dia foram registrados 15.364 casos.<\/p>\n<p>Chegou a 122.830.226 o n\u00famero de pessoas que receberam a primeira dose da vacina contra a Covid no Brasil, o equivalente a 58,01% da popula\u00e7\u00e3o. A segunda dose ou a vacina de dose \u00fanica foi aplicada em 55.939.618 pessoas, ou 26,42% da popula\u00e7\u00e3o.<\/p>\n<p>Na segunda-feira, a prefeitura do Rio de Janeiro informou que vai iniciar a aplica\u00e7\u00e3o da terceira dose de vacinas contra Covid-19 em idosos a partir de setembro seguindo uma recomenda\u00e7\u00e3o do conselho cient\u00edfico do munic\u00edpio. A recomenda\u00e7\u00e3o dos especialistas \u00e9 de que a terceira dose ou dose de refor\u00e7o seja da Pfizer ou da AstraZeneca, independentemente de qual vacina foi aplicada como primeira dose.<\/p>\n<p>O calend\u00e1rio dessa terceira dose em idosos ainda vai ser divulgado com as datas. O munic\u00edpio pretende aplicar o refor\u00e7o entre setembro em novembro de forma escalonada, ou seja, dos mais velhos para os menos idosos. A cidade e o Estado s\u00e3o o epicentro da variante Delta no pa\u00eds e o Estado j\u00e1 registrou mais de 61 mil mortes por Covid-19.<\/p>\n<p>Al\u00e9m disso, em entrevista a uma r\u00e1dio do Vale da Ribeira (SP) na segunda, o presidente Jair Bolsonaro (sem partido) afirmou que ir\u00e1 pedir ao ministro da Sa\u00fade, Marcelo Queiroga, uma data para que o uso de m\u00e1scaras como prote\u00e7\u00e3o contra a Covid-19 deixe de ser obrigat\u00f3rio no pa\u00eds. Ele lembrou que j\u00e1 havia pedido um estudo ao ministro sobre o tema e repetiu que, com a maior parte da popula\u00e7\u00e3o vacinada ou que j\u00e1 teve Covid-19 as m\u00e1scaras n\u00e3o seriam mais necess\u00e1rias. A obrigatoriedade do uso de m\u00e1scaras \u00e9 uma decis\u00e3o de Estados e munic\u00edpios, e n\u00e3o da Uni\u00e3o.<\/p>\n<p>Apesar de pessoas vacinadas terem risco menor de hospitaliza\u00e7\u00f5es e morte, elas continuam a propagar o v\u00edrus, o que arrisca especialmente aqueles n\u00e3o vacinados ou com sistema imunol\u00f3gico mais fr\u00e1gil. E aumenta a probabilidade de que o v\u00edrus sofra muta\u00e7\u00f5es que podem reduzir a efic\u00e1cia das vacinas dispon\u00edveis.<\/p>\n<p>Nesta ter\u00e7a, a CPI da Covid no Senado ouve o empres\u00e1rio Emanuel Catori, diretor-presidente da Belcher Farmac\u00eautica, que se apresentava como representante do laborat\u00f3rio chin\u00eas CanSino, fabricante da vacina Convidecia, em negocia\u00e7\u00f5es com o governo brasileiro. Catori obteve no Supremo Tribunal Federal (STF) o direito de n\u00e3o responder a questionamentos com potencial de incrimin\u00e1-lo.<\/p>\n<p><strong>4. Procuradoria-geral, vaga no STF e tens\u00e3o entre os poderes<\/strong><br \/>\nIndicado pelo presidente para mais um mandato de dois anos, o procurador-geral da Rep\u00fablica Augusto Aras ser\u00e1 sabatinado nesta ter\u00e7a-feira pela Comiss\u00e3o de Constitui\u00e7\u00e3o e Justi\u00e7a do Senado.<\/p>\n<p>Na segunda, o ministro Alexandre de Moraes, do Supremo Tribunal Federal (STF), arquivou um pedido de investiga\u00e7\u00e3o contra Aras por suposto crime de prevarica\u00e7\u00e3o. Os senadores Fabiano Contrarato (Rede-ES) e Alessandro Vieira (Cidadania-SE) defenderam a apura\u00e7\u00e3o da conduta do procurador-geral por supostamente se omitir em investigar a atua\u00e7\u00e3o do presidente Jair Bolsonaro (sem partido) em rela\u00e7\u00e3o \u00e0 pandemia e ao sistema de vota\u00e7\u00e3o brasileira. Para Moraes, o pedido n\u00e3o trouxe elementos m\u00ednimos, necess\u00e1rios e suficientes da atua\u00e7\u00e3o de Aras contra Bolsonaro.<\/p>\n<p>Tamb\u00e9m na segunda, cinco membros do Conselho Superior do Minist\u00e9rio P\u00fablico Federal ingressaram com uma nova a\u00e7\u00e3o contra Aras, apontando supostas irregularidades na tramita\u00e7\u00e3o dentro do \u00f3rg\u00e3o de uma representa\u00e7\u00e3o de quatro procuradores aposentados que acusam o procurador-geral e o vice-procurador, Jacques de Medeiros, de se omitirem de investigar Bolsonaro. A representa\u00e7\u00e3o foi recebida pelo Conselho Superior do MP em 9 de agosto.<\/p>\n<p>Apesar dos pedidos, a recondu\u00e7\u00e3o de Aras para mais um mandato \u00e0 frente da PGR segue tranquila. Mas a indica\u00e7\u00e3o de Andr\u00e9 Mendon\u00e7a para o STF permanece travada por conta da crise entre os Poderes com o pedido de impeachment protocolado na sexta por Jair Bolsonaro contra Moraes e ataques do presidente ao ministro Lu\u00eds Roberto Barroso, que acumula o cargo de presidente do Tribunal Superior Eleitoral (TSE). Ainda n\u00e3o h\u00e1 previs\u00e3o para a an\u00e1lise do nome de Mendon\u00e7a.<\/p>\n<p>O l\u00edder do MDB, maior partido da Casa, e relator da indica\u00e7\u00e3o de Aras, Eduardo Braga (AM), apresentou na segunda-feira um relat\u00f3rio favor\u00e1vel \u00e0 sua recondu\u00e7\u00e3o ao cargo pelos pr\u00f3ximos dois anos. Fontes do Senado consultadas pela ag\u00eancia Reuters avaliam que a maioria dos integrantes da Casa, inclusive do PT, \u00e9 simp\u00e1tica \u00e0 recondu\u00e7\u00e3o de Aras, por identificar no procurador-geral da Rep\u00fablica um perfil garantista.<\/p>\n<p>Uma lideran\u00e7a com bastante experi\u00eancia no Senado aposta em um placar de aprova\u00e7\u00e3o com folga no plen\u00e1rio do Senado, ocasi\u00e3o em que uma indica\u00e7\u00e3o de autoridade precisa de ao menos 41 votos para ser aprovada. Uma outra fonte avalia que Aras receber\u00e1 boa quantidade de votos como pagamento de \u201cfatura\u201d por ter ajudado a \u201centerrar\u201d a Lava Jato.<\/p>\n<p>O presidente do Senado, Rodrigo Pacheco (DEM-MG), afirmou na segunda que o pedido de impeachment apresentado pelo presidente Jair Bolsonaro contra Moraes estabelece um retrocesso nos esfor\u00e7os de apaziguar a crise institucional entre os Poderes da Rep\u00fablica.<\/p>\n<p>Em reuni\u00e3o na manh\u00e3 de segunda, em Bras\u00edlia, governadores decidiram pedir um encontro com o presidente Jair Bolsonaro para tentar a abertura de um di\u00e1logo que melhore o ambiente no pa\u00eds, diante do clima de tens\u00e3o entre o Executivo e Judici\u00e1rio e as constantes amea\u00e7as de ruptura.<\/p>\n<p>\u201cA inten\u00e7\u00e3o \u00e9 solicitar uma agenda com o presidente onde o objetivo \u00e9 demonstrar a import\u00e2ncia de o Brasil ter um ambiente de paz, de serenidade, onde possamos garantir uma forma de valoriza\u00e7\u00e3o da democracia, mas principalmente criar um ambiente de confian\u00e7a que permita atra\u00e7\u00e3o de investimentos, gera\u00e7\u00e3o de empregos e renda\u201d, disse Wellington Dias (PT) em entrevista depois da reuni\u00e3o.<\/p>\n<p>O governador do Distrito Federal, Ibaneis Rocha (MDB), que tem um bom relacionamento com Bolsonaro, reafirmou a inten\u00e7\u00e3o de que os governadores sejam recebidos.<\/p>\n<p>Na segunda, o governador de S\u00e3o Paulo, Jo\u00e3o Doria (PSDB), afastou um comandante da Pol\u00edcia militar por convocar para o ato bolsonarista marcado para 7 de setembro, com pauta a favor do voto impresso e contra ministros do STF. Reportagem de capa do jornal O Globo desta ter\u00e7a afirma que em sua reuni\u00e3o, governadores demonstraram preocupa\u00e7\u00e3o com o risco de a\u00e7\u00e3o pol\u00edtica das Pol\u00edcias Militares dos estados. Segundo o jornal, a intelig\u00eancia da pol\u00edcia paulista detectou convoca\u00e7\u00f5es do tipo tamb\u00e9m em outros estados, com est\u00edmulo para que manifestantes compare\u00e7am armados.<\/p>\n<p>J\u00e1 no radar econ\u00f4mico, o governo teria a percep\u00e7\u00e3o de que o parcelamento dos precat\u00f3rios deve sofrer resist\u00eancia e n\u00e3o passar no Congresso. Com isso, \u00e9 estudado um plano B, que consistiria na retirada do teto de gastos de R$ 30 bilh\u00f5es de precat\u00f3rios que estariam acima do previsto para 2022. Tamb\u00e9m n\u00e3o est\u00e1 descartada a hip\u00f3tese de retirar completamente a despesa com precat\u00f3rios do teto e recalcular seu limite desde a origem, destaca reportagem do Estad\u00e3o.<\/p>\n<p>Mat\u00e9ria do Valor aponta ainda que, se os processos de privatiza\u00e7\u00e3o avan\u00e7arem, precat\u00f3rios da Uni\u00e3o poder\u00e3o ser utilizados como moedas para comprar a\u00e7\u00f5es. Em tese, essa possibilidade estaria presente nas desestatiza\u00e7\u00f5es da Eletrobras e dos Correios, disse ao jornal uma fonte da \u00e1rea econ\u00f4mica.<\/p>\n<p><strong>5. Radar corporativo<br \/>\n<\/strong>O notici\u00e1rio corporativo tem como destaque o notici\u00e1rio de Petrobras, Cosan e Vitru. Confira os destaques:<\/p>\n<p>Petrobras (PETR3;PETR4)<br \/>\nA Petrobras informa que iniciou na segunda-feira a produ\u00e7\u00e3o de petr\u00f3leo e g\u00e1s natural do FPSO Carioca, primeira plataforma no campo de S\u00e9pia, no pr\u00e9-sal da Bacia de Santos.<\/p>\n<p>A FPSO Carioca (unidade flutuante de produ\u00e7\u00e3o, armazenamento e transfer\u00eancia de petr\u00f3leo e g\u00e1s), que \u00e9 afretada junto \u00e0 Modec, possui capacidade de processamento di\u00e1rio de at\u00e9 180 mil barris de \u00f3leo e de comprimir at\u00e9 6 milh\u00f5es de metros c\u00fabicos de g\u00e1s natural, segundo comunicado ao mercado. Est\u00e1 localizada a 200 km da costa do Estado do Rio de Janeiro, a 2.200 metros de profundidade.<\/p>\n<p>Cosan (CSAN3)<br \/>\nA Cosan anunciou na segunda-feira uma nova estrat\u00e9gia de investimentos por meio de uma estrutura de fundos, atrav\u00e9s da qual realizar\u00e1 aportes com recursos pr\u00f3prios e eventualmente de terceiros em novos neg\u00f3cios, conforme fato relevante divulgado ao mercado.<\/p>\n<p>O movimento j\u00e1 inclui, segundo a empresa, a apresenta\u00e7\u00e3o de uma proposta vinculante para a aquisi\u00e7\u00e3o de 100% do TUP S\u00e3o Lu\u00eds, terminal portu\u00e1rio de uso privado localizado na capital do Maranh\u00e3o, por 720 milh\u00f5es de reais, al\u00e9m da forma\u00e7\u00e3o de uma joint venture no setor de minera\u00e7\u00e3o.<\/p>\n<p>A oferta pelo porto foi enviada pela Atl\u00e2ntico \u2013 controlada da Cosan \u2013 \u00e0 S\u00e3o Lu\u00eds Port Company, da chinesa CCCC, e aos acionistas minorit\u00e1rios que somam participa\u00e7\u00e3o de 49% no terminal, disse a empresa. O fechamento da opera\u00e7\u00e3o est\u00e1 sujeito a condi\u00e7\u00f5es precedentes, como aprova\u00e7\u00f5es regulat\u00f3rias e concorrenciais, bem como a aprova\u00e7\u00f5es societ\u00e1rias da CCCC.<\/p>\n<p>Vitru (NASDAQ: VTRU)<br \/>\nA Vitru, dona da Uniasselvi, fechou na segunda a compra da UniCesumar por um valor que pode chegar a at\u00e9 R$ 3,5 bilh\u00f5es. Fundada em Maring\u00e1 (PR), a Cesumar re\u00fane cursos de ensino a dist\u00e2ncia com nota m\u00e1xima no MEC (Minist\u00e9rio da Educa\u00e7\u00e3o) e gradua\u00e7\u00e3o de medicina.<\/p>\n<p>IPOs<br \/>\nA Comiss\u00e3o de Valores Mobili\u00e1rios (CVM) informou nesta segunda-feira (23) o indeferimento do pedido de registro de companhia aberta pela Havan, mas por desist\u00eancia volunt\u00e1ria da varejista. Com isso, a companhia adiou pela segunda vez os planos de uma oferta inicial de a\u00e7\u00f5es (IPO, na sigla em ingl\u00eas).<\/p>\n<p>Em nota ap\u00f3s a informa\u00e7\u00e3o constar no site da CVM, a Havan informou que o indeferimento foi devido \u00e0 desist\u00eancia volunt\u00e1ria que se deu em 12 de maio. \u201cPor ora, a Havan adia a inten\u00e7\u00e3o de realizar sua oferta inicial de a\u00e7\u00f5es, que ser\u00e1 retomada em momento oportuno e devidamente informada\u201d, afirmou a companhia em nota.<\/p>\n<p>Al\u00e9m disso, a Cerradinho Bioenergia, com sede em Goi\u00e1s, pediu registro para uma IPO em busca de recursos para financiar um projeto de etanol de milho no Mato Grosso do Sul. O projeto deve envolver investimento total de cerca de R$ 1,4 bilh\u00e3o, com as obras devendo come\u00e7ar no primeiro semestre de 2022 e entrando em opera\u00e7\u00e3o em setembro de 2023, afirmou a companhia no documento.<\/p>\n<p>Fonte: Infomoney com Reuters e Estad\u00e3o<\/p>\n","protected":false},"excerpt":{"rendered":"<p>A sess\u00e3o \u00e9 de ganhos para os \u00edndices futuros americanos, com os investidores seguindo o \u00e2nimo pela aprova\u00e7\u00e3o completa da vacina da Pfizer pela ag\u00eancia&#8230;<\/p>\n","protected":false},"author":1527,"featured_media":18708,"comment_status":"closed","ping_status":"closed","sticky":false,"template":"","format":"standard","meta":{"footnotes":""},"categories":[6],"tags":[],"class_list":["post-35504","post","type-post","status-publish","format-standard","has-post-thumbnail","hentry","category-noticias"],"_links":{"self":[{"href":"https:\/\/www.sincomam.org.br\/index.php\/wp-json\/wp\/v2\/posts\/35504","targetHints":{"allow":["GET"]}}],"collection":[{"href":"https:\/\/www.sincomam.org.br\/index.php\/wp-json\/wp\/v2\/posts"}],"about":[{"href":"https:\/\/www.sincomam.org.br\/index.php\/wp-json\/wp\/v2\/types\/post"}],"author":[{"embeddable":true,"href":"https:\/\/www.sincomam.org.br\/index.php\/wp-json\/wp\/v2\/users\/1527"}],"replies":[{"embeddable":true,"href":"https:\/\/www.sincomam.org.br\/index.php\/wp-json\/wp\/v2\/comments?post=35504"}],"version-history":[{"count":1,"href":"https:\/\/www.sincomam.org.br\/index.php\/wp-json\/wp\/v2\/posts\/35504\/revisions"}],"predecessor-version":[{"id":35505,"href":"https:\/\/www.sincomam.org.br\/index.php\/wp-json\/wp\/v2\/posts\/35504\/revisions\/35505"}],"wp:featuredmedia":[{"embeddable":true,"href":"https:\/\/www.sincomam.org.br\/index.php\/wp-json\/wp\/v2\/media\/18708"}],"wp:attachment":[{"href":"https:\/\/www.sincomam.org.br\/index.php\/wp-json\/wp\/v2\/media?parent=35504"}],"wp:term":[{"taxonomy":"category","embeddable":true,"href":"https:\/\/www.sincomam.org.br\/index.php\/wp-json\/wp\/v2\/categories?post=35504"},{"taxonomy":"post_tag","embeddable":true,"href":"https:\/\/www.sincomam.org.br\/index.php\/wp-json\/wp\/v2\/tags?post=35504"}],"curies":[{"name":"wp","href":"https:\/\/api.w.org\/{rel}","templated":true}]}}