{"id":35462,"date":"2021-08-19T16:58:27","date_gmt":"2021-08-19T19:58:27","guid":{"rendered":"http:\/\/www.sincomam.org.br\/?p=35462"},"modified":"2021-08-19T16:58:27","modified_gmt":"2021-08-19T19:58:27","slug":"demolicao-de-silo-obsoleto-ampliara-capacidade-operacional-do-porto-de-paranagua-2","status":"publish","type":"post","link":"https:\/\/www.sincomam.org.br\/index.php\/demolicao-de-silo-obsoleto-ampliara-capacidade-operacional-do-porto-de-paranagua-2\/","title":{"rendered":"Demoli\u00e7\u00e3o de silo obsoleto ampliar\u00e1 capacidade operacional do Porto de Paranagu\u00e1"},"content":{"rendered":"<p>Conhecido como silinho, armaz\u00e9m est\u00e1 defasado,o local n\u00e3o \u00e9 utilizado h\u00e1 quase 12 anos. S\u00e3o pelo menos 2 mil metros quadrados que ficar\u00e3o dispon\u00edveis para novos prop\u00f3sitos e opera\u00e7\u00f5es.<\/p>\n<p>O silo vertical localizado no lado oeste do cais do Porto de Paranagu\u00e1 ser\u00e1 demolido. O armaz\u00e9m, instalado em \u00e1rea nobre de mais de 2 mil metros quadrados, est\u00e1 obsoleto, em desuso desde 2009. Conhecido como \u201csilinho\u201d, o local dar\u00e1 espa\u00e7o para amplia\u00e7\u00e3o da capacidade operacional do porto.<\/p>\n<p>\u201cO Silinho foi inaugurado em 1973 para atender o segmento dos graneis s\u00f3lidos de exporta\u00e7\u00e3o. Era uma estrutura para at\u00e9 10 mil toneladas de gr\u00e3os. H\u00e1 50 anos, atendia ao prop\u00f3sito. Por\u00e9m, esta capacidade est\u00e1 totalmente incompat\u00edvel \u00e0 produtividade que os novos equipamentos s\u00e3o capazes de movimentar hoje\u201d, afirma o diretor-presidente da Portos do Paran\u00e1, Luiz Fernando Garcia. Para se ter uma ideia, cada um dos novos equipamentos carregadores de navios (shiploaders) instalados \u00e0 oeste do cais tem capacidade para carregar 2 duas mil toneladas por hora.<\/p>\n<p><strong>OBRA<br \/>\n<\/strong>A obra teve in\u00edcio no final de junho deste ano com a montagem do canteiro e da instala\u00e7\u00e3o de tapumes no local. Durante um m\u00eas, a atividade seguiu com a desmontagem e demoli\u00e7\u00e3o dos transportadores de correias externos.<\/p>\n<p>Ainda no per\u00edodo, simultaneamente, foram iniciados o corte e a remo\u00e7\u00e3o de toda sucata met\u00e1lica dos equipamentos do silo. A etapa tem previs\u00e3o de t\u00e9rmino na primeira quinzena de setembro. Na sequ\u00eancia, ap\u00f3s a montagem das prote\u00e7\u00f5es perif\u00e9ricas, como bandejas e tela fechadeira, iniciar\u00e1 a demoli\u00e7\u00e3o das c\u00e9lulas e torre de servi\u00e7o que comp\u00f5em o silo.<\/p>\n<p>Segundo a diretoria de engenharia e manuten\u00e7\u00e3o da Portos do Paran\u00e1, as obras est\u00e3o com o cronograma atualizado, sem atraso. A previs\u00e3o \u00e9 que a demoli\u00e7\u00e3o esteja totalmente conclu\u00edda no in\u00edcio de 2022.<\/p>\n<p>A empresa ganhadora da licita\u00e7\u00e3o \u00e9 a FBI Demolidora. A empreiteira foi a que apresentou menor valor para a execu\u00e7\u00e3o da obra, ap\u00f3s o abatimento do valor para a aquisi\u00e7\u00e3o da sucata dos equipamentos, que tamb\u00e9m foi objeto de proposta no mesmo certame.<\/p>\n<p>Fonte: Ag\u00eancia de Not\u00edcias do Paran\u00e1<br \/>\nImagem de\u00a0<a href=\"https:\/\/pixabay.com\/pt\/users\/wikimediaimages-1185597\/?utm_source=link-attribution&amp;utm_medium=referral&amp;utm_campaign=image&amp;utm_content=837749\">WikimediaImages<\/a>\u00a0por\u00a0<a href=\"https:\/\/pixabay.com\/pt\/?utm_source=link-attribution&amp;utm_medium=referral&amp;utm_campaign=image&amp;utm_content=837749\">Pixabay<\/a><\/p>\n","protected":false},"excerpt":{"rendered":"<p>Conhecido como silinho, armaz\u00e9m est\u00e1 defasado,o local n\u00e3o \u00e9 utilizado h\u00e1 quase 12 anos. S\u00e3o pelo menos 2 mil metros quadrados que ficar\u00e3o dispon\u00edveis para&#8230;<\/p>\n","protected":false},"author":1527,"featured_media":35457,"comment_status":"closed","ping_status":"closed","sticky":false,"template":"","format":"standard","meta":{"footnotes":""},"categories":[6],"tags":[],"class_list":["post-35462","post","type-post","status-publish","format-standard","has-post-thumbnail","hentry","category-noticias"],"_links":{"self":[{"href":"https:\/\/www.sincomam.org.br\/index.php\/wp-json\/wp\/v2\/posts\/35462","targetHints":{"allow":["GET"]}}],"collection":[{"href":"https:\/\/www.sincomam.org.br\/index.php\/wp-json\/wp\/v2\/posts"}],"about":[{"href":"https:\/\/www.sincomam.org.br\/index.php\/wp-json\/wp\/v2\/types\/post"}],"author":[{"embeddable":true,"href":"https:\/\/www.sincomam.org.br\/index.php\/wp-json\/wp\/v2\/users\/1527"}],"replies":[{"embeddable":true,"href":"https:\/\/www.sincomam.org.br\/index.php\/wp-json\/wp\/v2\/comments?post=35462"}],"version-history":[{"count":1,"href":"https:\/\/www.sincomam.org.br\/index.php\/wp-json\/wp\/v2\/posts\/35462\/revisions"}],"predecessor-version":[{"id":35463,"href":"https:\/\/www.sincomam.org.br\/index.php\/wp-json\/wp\/v2\/posts\/35462\/revisions\/35463"}],"wp:featuredmedia":[{"embeddable":true,"href":"https:\/\/www.sincomam.org.br\/index.php\/wp-json\/wp\/v2\/media\/35457"}],"wp:attachment":[{"href":"https:\/\/www.sincomam.org.br\/index.php\/wp-json\/wp\/v2\/media?parent=35462"}],"wp:term":[{"taxonomy":"category","embeddable":true,"href":"https:\/\/www.sincomam.org.br\/index.php\/wp-json\/wp\/v2\/categories?post=35462"},{"taxonomy":"post_tag","embeddable":true,"href":"https:\/\/www.sincomam.org.br\/index.php\/wp-json\/wp\/v2\/tags?post=35462"}],"curies":[{"name":"wp","href":"https:\/\/api.w.org\/{rel}","templated":true}]}}