{"id":35412,"date":"2021-08-19T14:46:14","date_gmt":"2021-08-19T17:46:14","guid":{"rendered":"http:\/\/www.sincomam.org.br\/?p=35412"},"modified":"2021-08-20T18:36:23","modified_gmt":"2021-08-20T21:36:23","slug":"ja-comecou-a-consulta-publica-sobre-arrendamento-de-area-no-porto-de-santos","status":"publish","type":"post","link":"https:\/\/www.sincomam.org.br\/index.php\/ja-comecou-a-consulta-publica-sobre-arrendamento-de-area-no-porto-de-santos\/","title":{"rendered":"J\u00e1 come\u00e7ou a consulta p\u00fablica sobre arrendamento de \u00e1rea no Porto de Santos"},"content":{"rendered":"<p>A Antaq est\u00e1 realizando consulta e audi\u00eancia p\u00fablicas, no per\u00edodo de 18 de agosto a 1\u00ba de outubro, para obter contribui\u00e7\u00f5es visando ao aprimoramento dos documentos t\u00e9cnicos e jur\u00eddicos relativos \u00e0 realiza\u00e7\u00e3o de certame licitat\u00f3rio referente ao arrendamento de \u00e1rea portu\u00e1ria localizada dentro da poligonal do Porto Organizado de Santos (SP), destinada \u00e0 instala\u00e7\u00e3o de terminal dedicado \u00e0 movimenta\u00e7\u00e3o e armazenagem de gran\u00e9is s\u00f3lidos minerais, especialmente adubos (fertilizantes) e sulfatos, denominada STS53. Trata-se da Audi\u00eancia P\u00fablica n\u00ba 18\/2021.<\/p>\n<p>As minutas jur\u00eddicas e os documentos t\u00e9cnicos est\u00e3o dispon\u00edveis <a href=\"https:\/\/www.gov.br\/antaq\/pt-br\/acesso-a-informacao\/participacao-social\/participacao-social\">aqui<\/a>.<\/p>\n<p>As contribui\u00e7\u00f5es poder\u00e3o ser dirigidas \u00e0 ANTAQ at\u00e9 \u00e0s 23h59 do dia 1\u00ba de outubro, exclusivamente por meio e na forma do formul\u00e1rio eletr\u00f4nico que estar\u00e1 dispon\u00edvel em https:\/\/www.gov.br\/antaq\/pt-br, n\u00e3o sendo aceitas contribui\u00e7\u00f5es enviadas por meio diverso.<\/p>\n<p>Ser\u00e1 permitido, exclusivamente atrav\u00e9s do e-mail anexo_audiencia182021@antaq.gov.br, mediante identifica\u00e7\u00e3o do contribuinte e no prazo estipulado, anexar imagens digitais, tais como mapas, plantas e fotos, sendo que as contribui\u00e7\u00f5es em texto dever\u00e3o ser preenchidas nos campos apropriados do formul\u00e1rio eletr\u00f4nico.<\/p>\n<p>Caso o interessado n\u00e3o disponha dos recursos necess\u00e1rios para o envio da contribui\u00e7\u00e3o por meio do formul\u00e1rio eletr\u00f4nico, poder\u00e1 faz\u00ea-lo utilizando o computador da Secretaria-Geral (SGE), da Antaq, no caso de Bras\u00edlia\/DF, ou nas suas unidades regionais, cujos endere\u00e7os se encontram dispon\u00edveis no site da pr\u00f3pria Ag\u00eancia.<\/p>\n<p>As contribui\u00e7\u00f5es recebidas ser\u00e3o disponibilizadas aos interessados no portal da Antaq.<\/p>\n<p><strong>Audi\u00eancia P\u00fablica<\/strong><\/p>\n<p>Com o objetivo de fomentar a discuss\u00e3o e esclarecer eventuais d\u00favidas sobre o ato normativo, ser\u00e1 realizada audi\u00eancia p\u00fablica, na forma presencial ou telepresencial a depender das condi\u00e7\u00f5es de sa\u00fade p\u00fablica vigentes, em data, hor\u00e1rio e local a serem definidos e comunicados oportunamente.<\/p>\n<p>Fonte: Antaq<\/p>\n","protected":false},"excerpt":{"rendered":"<p>A Antaq est\u00e1 realizando consulta e audi\u00eancia p\u00fablicas, no per\u00edodo de 18 de agosto a 1\u00ba de outubro, para obter contribui\u00e7\u00f5es visando ao aprimoramento dos&#8230;<\/p>\n","protected":false},"author":1527,"featured_media":34235,"comment_status":"closed","ping_status":"closed","sticky":false,"template":"","format":"standard","meta":{"footnotes":""},"categories":[6],"tags":[],"class_list":["post-35412","post","type-post","status-publish","format-standard","has-post-thumbnail","hentry","category-noticias"],"_links":{"self":[{"href":"https:\/\/www.sincomam.org.br\/index.php\/wp-json\/wp\/v2\/posts\/35412","targetHints":{"allow":["GET"]}}],"collection":[{"href":"https:\/\/www.sincomam.org.br\/index.php\/wp-json\/wp\/v2\/posts"}],"about":[{"href":"https:\/\/www.sincomam.org.br\/index.php\/wp-json\/wp\/v2\/types\/post"}],"author":[{"embeddable":true,"href":"https:\/\/www.sincomam.org.br\/index.php\/wp-json\/wp\/v2\/users\/1527"}],"replies":[{"embeddable":true,"href":"https:\/\/www.sincomam.org.br\/index.php\/wp-json\/wp\/v2\/comments?post=35412"}],"version-history":[{"count":1,"href":"https:\/\/www.sincomam.org.br\/index.php\/wp-json\/wp\/v2\/posts\/35412\/revisions"}],"predecessor-version":[{"id":35413,"href":"https:\/\/www.sincomam.org.br\/index.php\/wp-json\/wp\/v2\/posts\/35412\/revisions\/35413"}],"wp:featuredmedia":[{"embeddable":true,"href":"https:\/\/www.sincomam.org.br\/index.php\/wp-json\/wp\/v2\/media\/34235"}],"wp:attachment":[{"href":"https:\/\/www.sincomam.org.br\/index.php\/wp-json\/wp\/v2\/media?parent=35412"}],"wp:term":[{"taxonomy":"category","embeddable":true,"href":"https:\/\/www.sincomam.org.br\/index.php\/wp-json\/wp\/v2\/categories?post=35412"},{"taxonomy":"post_tag","embeddable":true,"href":"https:\/\/www.sincomam.org.br\/index.php\/wp-json\/wp\/v2\/tags?post=35412"}],"curies":[{"name":"wp","href":"https:\/\/api.w.org\/{rel}","templated":true}]}}