{"id":35406,"date":"2021-08-18T15:21:18","date_gmt":"2021-08-18T18:21:18","guid":{"rendered":"http:\/\/www.sincomam.org.br\/?p=35406"},"modified":"2021-08-20T15:58:44","modified_gmt":"2021-08-20T18:58:44","slug":"antaq-leiloa-tres-areas-portuarias-e-investimentos-alcancam-mais-de-r-106-milhoes","status":"publish","type":"post","link":"https:\/\/www.sincomam.org.br\/index.php\/antaq-leiloa-tres-areas-portuarias-e-investimentos-alcancam-mais-de-r-106-milhoes\/","title":{"rendered":"Antaq leiloa tr\u00eas \u00e1reas portu\u00e1rias e investimentos alcan\u00e7am mais de R$ 106 milh\u00f5es"},"content":{"rendered":"<p>Ag\u00eancia Nacional de Transportes Aquavi\u00e1rios (Antaq) realizou um leil\u00e3o, na \u00faltima sexta-feira (13), de tr\u00eas \u00e1reas portu\u00e1rias por R$ 38,8 milh\u00f5es. As sess\u00f5es p\u00fablicas aconteceram na B3, em S\u00e3o Paulo. Foram leiloadas uma \u00e1rea no Porto de Santana (AP), para movimenta\u00e7\u00e3o de gran\u00e9is s\u00f3lidos vegetais, especialmente farelo de soja; outra no Porto de Fortaleza (CE), para movimenta\u00e7\u00e3o de gran\u00e9is s\u00f3lidos vegetais, especialmente trigo em gr\u00e3os; e outra \u00e1rea no Porto de Salvador (BA), para movimenta\u00e7\u00e3o de carga geral, de projeto ou conteinerizada (veja abaixo mais informa\u00e7\u00f5es sobre as \u00e1reas). O investimento total alcan\u00e7a mais de R$ 106 milh\u00f5es.<\/p>\n<p>A Caramuru Alimentos S\/A arrematou a \u00e1rea MCP02, no Porto de Santana, por R$ 5,850 milh\u00f5es. A MUC01, no Porto de Fortaleza, ficou com a Terminais de Gr\u00e3os de Fortaleza &#8211; Tergran. O lance vencedor foi de R$ 1 milh\u00e3o. J\u00e1 a Intermar\u00edtima Portos e Log\u00edstica S\/A venceu o leil\u00e3o da \u00e1rea SSD09, no Porto de Salvador, oferecendo um valor de outorga de R$ 32 milh\u00f5es. A \u00e1rea SSD09 \u00e9 a primeira licitada pela Ag\u00eancia e pelo governo federal na modalidade de arrendamento simplificado.<\/p>\n<p>Para o diretor-geral da Antaq, Eduardo Nery, \u201co governo federal est\u00e1 dotando de mais infraestrutura o setor portu\u00e1rio com o programa de arrendamentos, atraindo investimentos privados, gerando competitividade, renda e emprego. Trazer mais modernidade e efici\u00eancia para os portos \u00e9 fundamental, pois nossa movimenta\u00e7\u00e3o de cargas est\u00e1 mantendo o vi\u00e9s de alta\u201d.<\/p>\n<p>O diretor Adalberto Tokarski destacou a realiza\u00e7\u00e3o do primeiro leil\u00e3o na modalidade de arrendamento simplificado, com a licita\u00e7\u00e3o da \u00e1rea SSD09, do Porto de Salvador. Tokarski foi um dos maiores incentivadores da metodologia: \u201cValeu a persist\u00eancia na busca de uma ferramenta que possa oferecer \u00e1reas portu\u00e1rias de forma mais \u00e1gil. Est\u00e1 provado que h\u00e1 demanda para \u00e1reas menores, com prazo de contrato de at\u00e9 dez anos, e esse \u00e9 um modelo que veio para ficar. Tenho a certeza de que muitos outros arrendamentos vir\u00e3o dentro dessa modalidade\u201d.<\/p>\n<p>A diretora Fl\u00e1via Takafashi tamb\u00e9m destacou o leil\u00e3o da primeira \u00e1rea de arrendamento simplificado licitada pela Antaq: \u201cEm 2016, iniciamos o debate para a aprova\u00e7\u00e3o das regras dos estudos simplificados de arrendamentos e, hoje, realizamos o primeiro leil\u00e3o de uma instala\u00e7\u00e3o portu\u00e1ria com base nessa nova metodologia\u201d. Para a diretora da Ag\u00eancia, os leil\u00f5es realizados hoje na B3 v\u00eam se somar aos esfor\u00e7os do governo federal e da Antaq para ampliar os investimentos privados e a oferta de infraestrutura portu\u00e1ria.<\/p>\n<h4><strong>As \u00e1reas<\/strong><\/h4>\n<p>MCP02 \u2013 Porto de Santana (AP)<br \/>\n\u00c1rea &#8211; 3.186,74 m2<br \/>\nPrazo Contratual \u2013 25 anos<br \/>\nReceita Bruta Global do Contrato \u2013 R$ 261,6 milh\u00f5es<br \/>\nInvestimento total \u2013 R$ 41,3 milh\u00f5es<br \/>\nMovimenta\u00e7\u00e3o total \u2013 4,3 milh\u00f5es (t)<\/p>\n<p>MUC01 \u2013 Porto de Fortaleza (CE)<br \/>\n\u00c1rea \u2013 6.000 m2<br \/>\nPrazo Contratual \u2013 25 anos<br \/>\nReceita Bruta Global do Contrato \u2013 R$ 516,6 milh\u00f5es<br \/>\nInvestimento total \u2013 R$ 47,6 milh\u00f5es<br \/>\nMovimenta\u00e7\u00e3o total \u2013 14,8 milh\u00f5es (t)<\/p>\n<p>SSD09 \u2013 Porto de Salvador (BA)<br \/>\n\u00c1rea \u2013 16.707,81 m2<br \/>\nPrazo Contratual \u2013 10 anos<br \/>\nReceita Bruta Global do Contrato \u2013 R$ 190 milh\u00f5es<br \/>\nInvestimento total \u2013 R$ 17,7 milh\u00f5es<br \/>\nMovimenta\u00e7\u00e3o total \u2013 842,4 mil (t)<\/p>\n<p>Fonte: Antaq<\/p>\n","protected":false},"excerpt":{"rendered":"<p>Ag\u00eancia Nacional de Transportes Aquavi\u00e1rios (Antaq) realizou um leil\u00e3o, na \u00faltima sexta-feira (13), de tr\u00eas \u00e1reas portu\u00e1rias por R$ 38,8 milh\u00f5es. As sess\u00f5es p\u00fablicas aconteceram&#8230;<\/p>\n","protected":false},"author":1527,"featured_media":33117,"comment_status":"closed","ping_status":"closed","sticky":false,"template":"","format":"standard","meta":{"footnotes":""},"categories":[6],"tags":[],"class_list":["post-35406","post","type-post","status-publish","format-standard","has-post-thumbnail","hentry","category-noticias"],"_links":{"self":[{"href":"https:\/\/www.sincomam.org.br\/index.php\/wp-json\/wp\/v2\/posts\/35406","targetHints":{"allow":["GET"]}}],"collection":[{"href":"https:\/\/www.sincomam.org.br\/index.php\/wp-json\/wp\/v2\/posts"}],"about":[{"href":"https:\/\/www.sincomam.org.br\/index.php\/wp-json\/wp\/v2\/types\/post"}],"author":[{"embeddable":true,"href":"https:\/\/www.sincomam.org.br\/index.php\/wp-json\/wp\/v2\/users\/1527"}],"replies":[{"embeddable":true,"href":"https:\/\/www.sincomam.org.br\/index.php\/wp-json\/wp\/v2\/comments?post=35406"}],"version-history":[{"count":2,"href":"https:\/\/www.sincomam.org.br\/index.php\/wp-json\/wp\/v2\/posts\/35406\/revisions"}],"predecessor-version":[{"id":35409,"href":"https:\/\/www.sincomam.org.br\/index.php\/wp-json\/wp\/v2\/posts\/35406\/revisions\/35409"}],"wp:featuredmedia":[{"embeddable":true,"href":"https:\/\/www.sincomam.org.br\/index.php\/wp-json\/wp\/v2\/media\/33117"}],"wp:attachment":[{"href":"https:\/\/www.sincomam.org.br\/index.php\/wp-json\/wp\/v2\/media?parent=35406"}],"wp:term":[{"taxonomy":"category","embeddable":true,"href":"https:\/\/www.sincomam.org.br\/index.php\/wp-json\/wp\/v2\/categories?post=35406"},{"taxonomy":"post_tag","embeddable":true,"href":"https:\/\/www.sincomam.org.br\/index.php\/wp-json\/wp\/v2\/tags?post=35406"}],"curies":[{"name":"wp","href":"https:\/\/api.w.org\/{rel}","templated":true}]}}