{"id":3540,"date":"2014-02-12T09:00:49","date_gmt":"2014-02-12T11:00:49","guid":{"rendered":"http:\/\/www.sincomam.org.br\/?p=3540"},"modified":"2014-02-12T10:16:41","modified_gmt":"2014-02-12T12:16:41","slug":"naufrago-que-diz-ter-sobrevivido-um-ano-no-mar-volta-a-el-salvador","status":"publish","type":"post","link":"https:\/\/www.sincomam.org.br\/index.php\/naufrago-que-diz-ter-sobrevivido-um-ano-no-mar-volta-a-el-salvador\/","title":{"rendered":"N\u00e1ufrago que diz ter sobrevivido um ano no mar volta a El Salvador"},"content":{"rendered":"<p><em><b>Jos\u00e9 Alvarenga passar\u00e1 por uma s\u00e9rie de avalia\u00e7\u00f5es m\u00e9dicas antes de retornar para sua vila natal<\/b><\/em><\/p>\n<p>O n\u00e1ufrago salvadorenho Jos\u00e9 Salvador Alvarenga, que afirma ter sobrevivido ap\u00f3s mais de um ano \u00e0 deriva no Oceano Pac\u00edfico, retornou nesta ter\u00e7a-feira a El Salvador, depois de ter sido resgatado nas Ilhas Marshall no \u00faltimo dia 30 de janeiro.<\/p>\n<p>Alvarenga, de 37 anos, chegou ao aeroporto internacional El Salvador, a cerca de 44 quil\u00f4metros da capital do pa\u00eds, em um voo comercial procedente de Los Angeles (EUA), por volta das 19h50 locais (23h50 de Bras\u00edlia.<\/p>\n<p>O n\u00e1ufrago foi recebido por alguns familiares, o ministro das Rela\u00e7\u00f5es Exteriores salvadorenho, Jaime Miranda, e a vice-ministra da Sa\u00fade, Violeta Menj\u00edvar, entre outras personalidades, enquanto dezenas de jornalistas locais e estrangeiros esperavam do lado de fora do terminal.<\/p>\n<p>Menj\u00edvar afirmou que, ap\u00f3s uma primeira revis\u00e3o m\u00e9dica no aeroporto, Alvarenga ser\u00e1 transferido em uma ambul\u00e2ncia at\u00e9 um hospital para fazer uma avalia\u00e7\u00e3o mais completa.<\/p>\n<p>&#8220;Temos a informa\u00e7\u00e3o de que o estado de sa\u00fade dele \u00e9 est\u00e1vel&#8221;, mas ser\u00e1 submetido a &#8220;uma equipe completa, multidisciplinar&#8221;, no hospital &#8220;para saber exatamente sua condi\u00e7\u00e3o&#8221;, explicou a funcion\u00e1ria.<\/p>\n<p>Alvarenga partiu ontem das Ilhas Marshall para Honolulu (Hava\u00ed), de onde viajou para Los Angeles e, finalmente, para El Salvador.<\/p>\n<p>Na cidade litor\u00e2nea de Guarita Palmeira, no oeste de El Salvador, parentes, amigos e vizinhos esperam pelo n\u00e1ufrago em sua casa, onde colocaram um faixa de boas-vindas, bal\u00f5es azuis e brancos, as cores da bandeira do pa\u00eds, e outros enfeites.<\/p>\n<p>O contato de Alvarenga com a imprensa depender\u00e1 de seu estado de sa\u00fade e se ele aceitar, explicaram fontes do Minist\u00e9rio das Rela\u00e7\u00f5es Exteriores de El Salvador, que coordenou sua transfer\u00eancia das Ilhas Marshall, com a colabora\u00e7\u00e3o das autoridades desse pa\u00eds oce\u00e2nico, al\u00e9m de M\u00e9xico, Estados Unidos e da Organiza\u00e7\u00e3o Internacional para as Migra\u00e7\u00f5es (OIM).<\/p>\n<p>Fonte: EFE \/ Estado de S. Paulo<\/p>\n","protected":false},"excerpt":{"rendered":"<p>Jos\u00e9 Alvarenga passar\u00e1 por uma s\u00e9rie de avalia\u00e7\u00f5es m\u00e9dicas antes de retornar para sua vila natal O n\u00e1ufrago salvadorenho Jos\u00e9 Salvador Alvarenga, que afirma ter&#8230;<\/p>\n","protected":false},"author":1182,"featured_media":3541,"comment_status":"closed","ping_status":"closed","sticky":false,"template":"","format":"standard","meta":{"footnotes":""},"categories":[6],"tags":[],"class_list":["post-3540","post","type-post","status-publish","format-standard","has-post-thumbnail","hentry","category-noticias"],"_links":{"self":[{"href":"https:\/\/www.sincomam.org.br\/index.php\/wp-json\/wp\/v2\/posts\/3540","targetHints":{"allow":["GET"]}}],"collection":[{"href":"https:\/\/www.sincomam.org.br\/index.php\/wp-json\/wp\/v2\/posts"}],"about":[{"href":"https:\/\/www.sincomam.org.br\/index.php\/wp-json\/wp\/v2\/types\/post"}],"author":[{"embeddable":true,"href":"https:\/\/www.sincomam.org.br\/index.php\/wp-json\/wp\/v2\/users\/1182"}],"replies":[{"embeddable":true,"href":"https:\/\/www.sincomam.org.br\/index.php\/wp-json\/wp\/v2\/comments?post=3540"}],"version-history":[{"count":1,"href":"https:\/\/www.sincomam.org.br\/index.php\/wp-json\/wp\/v2\/posts\/3540\/revisions"}],"predecessor-version":[{"id":3542,"href":"https:\/\/www.sincomam.org.br\/index.php\/wp-json\/wp\/v2\/posts\/3540\/revisions\/3542"}],"wp:featuredmedia":[{"embeddable":true,"href":"https:\/\/www.sincomam.org.br\/index.php\/wp-json\/wp\/v2\/media\/3541"}],"wp:attachment":[{"href":"https:\/\/www.sincomam.org.br\/index.php\/wp-json\/wp\/v2\/media?parent=3540"}],"wp:term":[{"taxonomy":"category","embeddable":true,"href":"https:\/\/www.sincomam.org.br\/index.php\/wp-json\/wp\/v2\/categories?post=3540"},{"taxonomy":"post_tag","embeddable":true,"href":"https:\/\/www.sincomam.org.br\/index.php\/wp-json\/wp\/v2\/tags?post=3540"}],"curies":[{"name":"wp","href":"https:\/\/api.w.org\/{rel}","templated":true}]}}