{"id":35399,"date":"2021-08-17T12:41:10","date_gmt":"2021-08-17T15:41:10","guid":{"rendered":"http:\/\/www.sincomam.org.br\/?p=35399"},"modified":"2021-08-19T17:01:14","modified_gmt":"2021-08-19T20:01:14","slug":"movimentacao-de-cargas-nos-portos-cresce-94-no-primeiro-semestre","status":"publish","type":"post","link":"https:\/\/www.sincomam.org.br\/index.php\/movimentacao-de-cargas-nos-portos-cresce-94-no-primeiro-semestre\/","title":{"rendered":"Movimenta\u00e7\u00e3o de cargas nos portos cresce 9,4% no primeiro semestre"},"content":{"rendered":"<p>A movimenta\u00e7\u00e3o de cargas no setor portu\u00e1rio cresceu 9,4% no primeiro semestre em rela\u00e7\u00e3o ao mesmo per\u00edodo do ano passado, de acordo com a Ag\u00eancia Nacional de Transportes Aquavi\u00e1rios (Antaq). Segundo a ag\u00eancia, os portos organizados, terminais autorizados e arrendados movimentaram 591,9 milh\u00f5es de toneladas no per\u00edodo. As informa\u00e7\u00f5es constam do painel Estat\u00edstico Aquavi\u00e1rio da Antaq, que foram divulgados nesta semana.<\/p>\n<p>O painel destaca que, na compara\u00e7\u00e3o com o primeiro semestre do ano passado, houve crescimento em rela\u00e7\u00e3o ao perfil da carga. O aumento foi de 6,4% na movimenta\u00e7\u00e3o de granel s\u00f3lido, 11,6% no granel l\u00edquido, 16,3% em cont\u00eaineres e 19,1% na carga geral solta.<\/p>\n<p>No primeiro semestre, foram movimentadas 343,2 milh\u00f5es de toneladas de granel s\u00f3lido, representando 58% do total no per\u00edodo. O destaque foi o min\u00e9rio de ferro, que movimentou 171,8 milh\u00f5es de toneladas, o que corresponde a um crescimento de 12% em compara\u00e7\u00e3o ao mesmo per\u00edodo de 2021. Em segundo lugar, veio o petr\u00f3leo, cuja movimenta\u00e7\u00e3o cresceu 8%, somando 97,2 milh\u00f5es de toneladas.<\/p>\n<p>J\u00e1 o granel l\u00edquido, respons\u00e1vel por 28% da carga, movimentou 153,5 milh\u00f5es de toneladas; os cont\u00eaineres, respons\u00e1veis por 11% da carga, responderam por 65,4 milh\u00f5es de toneladas. As cargas em geral movimentaram 29,7 milh\u00f5es de toneladas, correspondendo a 5% do total das cargas.<\/p>\n<p>De acordo com o painel, o porto que mais se destacou foi o de Vit\u00f3ria, que registrou crescimento de 30,6% no primeiro semestre e movimentou 3,7 milh\u00f5es de toneladas de cargas.<\/p>\n<p>Segundo a Antaq, a expectativa para o segundo semestre \u00e9 que os portos brasileiros movimentem 626 milh\u00f5es de toneladas. Para este ano, a estimativa \u00e9 de 1,218 bilh\u00e3o de toneladas, o que representa aumento de 5,5% do setor em rela\u00e7\u00e3o ao ano passado.<\/p>\n<p>Para o diretor-geral da Antaq, Eduardo Nery, \u201cos n\u00fameros s\u00e3o auspiciosos. Mostram que o setor aquavi\u00e1rio mant\u00e9m seu crescimento cont\u00ednuo. E isso \u00e9 fundamental para a economia do pa\u00eds, para a gera\u00e7\u00e3o de emprego e renda. Mais uma vez a Ag\u00eancia divulga as estat\u00edsticas do setor de forma c\u00e9lere e moderna\u201d.<\/p>\n<p><strong><br \/>\nPol\u00edticas P\u00fablicas<\/strong><strong>\u00a0<\/strong><\/p>\n<p>O diretor da Antaq, Adalberto Tokarski, destacou que o Estat\u00edstico Aquavi\u00e1rio da Ag\u00eancia \u201c\u00e9 uma ferramenta fundamental para que possamos oferecer \u00e0 sociedade n\u00fameros atualizados e acompanhar m\u00eas a m\u00eas como est\u00e1 o desempenho do setor\u201d.<\/p>\n<p>A diretora da Ag\u00eancia, Fl\u00e1via Takafashi, destacou o crescimento na movimenta\u00e7\u00e3o portu\u00e1ria. \u201cOs n\u00fameros positivos s\u00f3 comprovam o quanto o setor \u00e9 forte, \u00e9 resiliente, mesmo em um cen\u00e1rio ainda de pandemia.\u201d<\/p>\n<p>O secret\u00e1rio executivo, Marcelo Sampaio, e o secret\u00e1rio nacional de Portos e Transportes Aquavi\u00e1rios, Diogo Piloni, que representaram o Minist\u00e9rio da Infraestrutura durante a divulga\u00e7\u00e3o das estat\u00edsticas, destacaram que os dados divulgados pela Antaq s\u00e3o fundamentais para a formula\u00e7\u00e3o de pol\u00edticas p\u00fablicas para o setor aquavi\u00e1rio. \u201cAs a\u00e7\u00f5es do governo est\u00e3o garantindo mais efici\u00eancia ao setor portu\u00e1rio, que j\u00e1 n\u00e3o \u00e9 mais um gargalo para o desenvolvimento do pa\u00eds\u201d, afirmou Sampaio.<\/p>\n<p>Fonte: Ag\u00eancia Brasil e Antaq<\/p>\n","protected":false},"excerpt":{"rendered":"<p>A movimenta\u00e7\u00e3o de cargas no setor portu\u00e1rio cresceu 9,4% no primeiro semestre em rela\u00e7\u00e3o ao mesmo per\u00edodo do ano passado, de acordo com a Ag\u00eancia&#8230;<\/p>\n","protected":false},"author":1527,"featured_media":34599,"comment_status":"closed","ping_status":"closed","sticky":false,"template":"","format":"standard","meta":{"footnotes":""},"categories":[6],"tags":[],"class_list":["post-35399","post","type-post","status-publish","format-standard","has-post-thumbnail","hentry","category-noticias"],"_links":{"self":[{"href":"https:\/\/www.sincomam.org.br\/index.php\/wp-json\/wp\/v2\/posts\/35399","targetHints":{"allow":["GET"]}}],"collection":[{"href":"https:\/\/www.sincomam.org.br\/index.php\/wp-json\/wp\/v2\/posts"}],"about":[{"href":"https:\/\/www.sincomam.org.br\/index.php\/wp-json\/wp\/v2\/types\/post"}],"author":[{"embeddable":true,"href":"https:\/\/www.sincomam.org.br\/index.php\/wp-json\/wp\/v2\/users\/1527"}],"replies":[{"embeddable":true,"href":"https:\/\/www.sincomam.org.br\/index.php\/wp-json\/wp\/v2\/comments?post=35399"}],"version-history":[{"count":3,"href":"https:\/\/www.sincomam.org.br\/index.php\/wp-json\/wp\/v2\/posts\/35399\/revisions"}],"predecessor-version":[{"id":35402,"href":"https:\/\/www.sincomam.org.br\/index.php\/wp-json\/wp\/v2\/posts\/35399\/revisions\/35402"}],"wp:featuredmedia":[{"embeddable":true,"href":"https:\/\/www.sincomam.org.br\/index.php\/wp-json\/wp\/v2\/media\/34599"}],"wp:attachment":[{"href":"https:\/\/www.sincomam.org.br\/index.php\/wp-json\/wp\/v2\/media?parent=35399"}],"wp:term":[{"taxonomy":"category","embeddable":true,"href":"https:\/\/www.sincomam.org.br\/index.php\/wp-json\/wp\/v2\/categories?post=35399"},{"taxonomy":"post_tag","embeddable":true,"href":"https:\/\/www.sincomam.org.br\/index.php\/wp-json\/wp\/v2\/tags?post=35399"}],"curies":[{"name":"wp","href":"https:\/\/api.w.org\/{rel}","templated":true}]}}