{"id":35371,"date":"2021-05-31T08:09:36","date_gmt":"2021-05-31T11:09:36","guid":{"rendered":"http:\/\/www.sincomam.org.br\/?p=35371"},"modified":"2021-05-30T10:09:24","modified_gmt":"2021-05-30T13:09:24","slug":"trabalhadores-vao-receber-dois-saques-do-pis-pasep-de-uma-vez","status":"publish","type":"post","link":"https:\/\/www.sincomam.org.br\/index.php\/trabalhadores-vao-receber-dois-saques-do-pis-pasep-de-uma-vez\/","title":{"rendered":"Trabalhadores v\u00e3o receber dois saques do PIS\/Pasep de uma vez"},"content":{"rendered":"<p>O Governo Federal anunciou que o saque do PIS\/Pasep este ano referente ao ano calend\u00e1rio 2020, ou seja, para aqueles que trabalharam ao menos 30 dias em 2020, n\u00e3o vai mais ser pago e julho deste ano como previsto.<\/p>\n<p>A medida que chega preocupando os trabalhadores que j\u00e1 contavam com o benef\u00edcio tamb\u00e9m servir\u00e1 como apoio no ano que vem, j\u00e1 que para o ano que vem ser\u00e1 poss\u00edvel realizar o saque do abono referente ao ano calend\u00e1rio 2020 e 2021.<\/p>\n<p>Conforme informa\u00e7\u00f5es do governo, o calend\u00e1rio com base nos anos de 2020 e 2021 devem ser programados para serem pagos simultaneamente.<\/p>\n<p><strong>Pagamento do abono salarial<\/strong><\/p>\n<p>A decis\u00e3o de adiar o pagamento do abono salarial veio ap\u00f3s reuni\u00e3o do Codefat (Conselho Deliberativo do Fundo de Amparo ao Trabalhador) com representantes dos trabalhadores, empresas e governo que decidiram pelo adiamento do calend\u00e1rio que seria pago este ano.<\/p>\n<p>Logo atrav\u00e9s de decis\u00e3o do Codefat, o pagamento do PIS\/Pasep 2020 ser\u00e1 realizado integralmente em 2022. O calend\u00e1rio ainda n\u00e3o foi publicado, no entanto o pagamento deve seguir por ordem de nascimento. Al\u00e9m disso, est\u00e1 definido que todos os valores precisam ser pagos no primeiro semestre de 2022.<\/p>\n<p><strong>PIS\/PASEP 2022<\/strong><\/p>\n<p>As regras para recebimento do abono salarial n\u00e3o ser\u00e3o alteradas, logo, para ter acesso ao abono salarial ser\u00e1 necess\u00e1rio ter trabalhado ao menos 30 dias de carteira assinada em 2020 e 2021.<\/p>\n<p>No entanto, vale lembrar que o valor do PIS\/Pasep varia conforme o tempo de trabalho, por exemplo, quem trabalhou apenas um m\u00eas recebe um valor m\u00ednimo e quem trabalhou o ano todo recebe o valor cheio do abono, ou seja, um sal\u00e1rio m\u00ednimo.<\/p>\n<p>Por fim, para ter acesso aos valores do abono salarial \u00e9 necess\u00e1rio se enquadrar nessas regras:<\/p>\n<ul>\n<li>Ter trabalhado registrado ao menos 30 dias no ano calend\u00e1rio<\/li>\n<li>Estar cadastrado no NIS\/PASEP h\u00e1 pelo menos 5 (cinco) anos;<\/li>\n<li>Ter recebido de empregador contribuinte do PIS\/PASEP (inscrito sob CNPJ) remunera\u00e7\u00e3o mensal m\u00e9dia de at\u00e9 dois sal\u00e1rios m\u00ednimo durante o ano-base;<\/li>\n<li>Ter seus dados informados pelo empregador corretamente na Rela\u00e7\u00e3o Anual de Informa\u00e7\u00f5es Sociais (RAIS) do ano-base considerado.<\/li>\n<\/ul>\n<p>Fonte: Jornal Cont\u00e1bil<\/p>\n<p>Foto: divulga\u00e7\u00e3o<\/p>\n","protected":false},"excerpt":{"rendered":"<p>O Governo Federal anunciou que o saque do PIS\/Pasep este ano referente ao ano calend\u00e1rio 2020, ou seja, para aqueles que trabalharam ao menos 30&#8230;<\/p>\n","protected":false},"author":1182,"featured_media":31111,"comment_status":"closed","ping_status":"closed","sticky":false,"template":"","format":"standard","meta":{"footnotes":""},"categories":[6],"tags":[61,2751,204,2755,1904,696,1538],"class_list":["post-35371","post","type-post","status-publish","format-standard","has-post-thumbnail","hentry","category-noticias","tag-brasil","tag-covid-19","tag-pagamento","tag-pandemia","tag-pispasep","tag-saque","tag-trabalhador"],"_links":{"self":[{"href":"https:\/\/www.sincomam.org.br\/index.php\/wp-json\/wp\/v2\/posts\/35371","targetHints":{"allow":["GET"]}}],"collection":[{"href":"https:\/\/www.sincomam.org.br\/index.php\/wp-json\/wp\/v2\/posts"}],"about":[{"href":"https:\/\/www.sincomam.org.br\/index.php\/wp-json\/wp\/v2\/types\/post"}],"author":[{"embeddable":true,"href":"https:\/\/www.sincomam.org.br\/index.php\/wp-json\/wp\/v2\/users\/1182"}],"replies":[{"embeddable":true,"href":"https:\/\/www.sincomam.org.br\/index.php\/wp-json\/wp\/v2\/comments?post=35371"}],"version-history":[{"count":1,"href":"https:\/\/www.sincomam.org.br\/index.php\/wp-json\/wp\/v2\/posts\/35371\/revisions"}],"predecessor-version":[{"id":35372,"href":"https:\/\/www.sincomam.org.br\/index.php\/wp-json\/wp\/v2\/posts\/35371\/revisions\/35372"}],"wp:featuredmedia":[{"embeddable":true,"href":"https:\/\/www.sincomam.org.br\/index.php\/wp-json\/wp\/v2\/media\/31111"}],"wp:attachment":[{"href":"https:\/\/www.sincomam.org.br\/index.php\/wp-json\/wp\/v2\/media?parent=35371"}],"wp:term":[{"taxonomy":"category","embeddable":true,"href":"https:\/\/www.sincomam.org.br\/index.php\/wp-json\/wp\/v2\/categories?post=35371"},{"taxonomy":"post_tag","embeddable":true,"href":"https:\/\/www.sincomam.org.br\/index.php\/wp-json\/wp\/v2\/tags?post=35371"}],"curies":[{"name":"wp","href":"https:\/\/api.w.org\/{rel}","templated":true}]}}