{"id":3537,"date":"2014-02-12T08:42:03","date_gmt":"2014-02-12T10:42:03","guid":{"rendered":"http:\/\/www.sincomam.org.br\/?p=3537"},"modified":"2014-02-12T09:53:54","modified_gmt":"2014-02-12T11:53:54","slug":"conta-de-luz-pode-ter-alta-extra-de-46-preve-a-aneel","status":"publish","type":"post","link":"https:\/\/www.sincomam.org.br\/index.php\/conta-de-luz-pode-ter-alta-extra-de-46-preve-a-aneel\/","title":{"rendered":"Conta de luz pode ter alta extra de 4,6%, prev\u00ea a Aneel"},"content":{"rendered":"<p><em><b>Reajuste seria necess\u00e1rio para cobrir d\u00e9ficit de fundo setorial que custeia a redu\u00e7\u00e3o em 20% das tarifas, decretada em 2013<\/b><\/em><\/p>\n<p>O consumidor pode ter de arcar com um reajuste m\u00e9dio adicional de 4,6% na tarifa de energia neste ano para bancar despesas bilion\u00e1rias do setor el\u00e9trico. O aumento \u00e9 consequ\u00eancia de gastos R$ 5,6 bilh\u00f5es maiores do que as receitas previstas para a Conta de Desenvolvimento Energ\u00e9tico (CDE), fundo que sustenta o programa de redu\u00e7\u00e3o da conta de luz, uma das principais bandeiras pol\u00edticas do governo da presidente Dilma Rousseff.<\/p>\n<p>O aumento de 4,6% vai se somar aos reajustes peri\u00f3dicos de cada distribuidora previstos para este ano, e ter\u00e1 impacto direto na infla\u00e7\u00e3o. Al\u00e9m disso, corroer\u00e1 parte da redu\u00e7\u00e3o de 20% nas contas de luz anunciada pela presidente em janeiro do ano passado.<\/p>\n<p>De acordo com o c\u00e1lculo inicial do economista-chefe da corretora Conc\u00f3rdia, Flavio Combat, o efeito no \u00edndice inflacion\u00e1rio oficial, o IPCA, seria de 0,4 ponto porcentual. &#8220;Minha proje\u00e7\u00e3o de IPCA para 2014 hoje \u00e9 de 5,9%. Se o impacto fosse incorporado, a proje\u00e7\u00e3o iria para 6,3%&#8221;, disse.<\/p>\n<p>A CDE \u00e9 um fundo setorial respons\u00e1vel pelo pagamento de programas sociais do governo na \u00e1rea de energia, como o Luz para Todos. Tamb\u00e9m \u00e9 usado para pagar o combust\u00edvel utilizado pelas usinas termoel\u00e9tricas da Regi\u00e3o Norte e as indeniza\u00e7\u00f5es \u00e0s empresas que aceitaram renovar antecipadamente suas concess\u00f5es &#8211; movimento que fez parte do plano para reduzir as contas de energia.<\/p>\n<p><b>Falta de chuvas<\/b><\/p>\n<p>Al\u00e9m do desembolso com a CDE, as distribuidoras de energia ter\u00e3o de encarar este ano tamb\u00e9m um aumento de gastos que tem rela\u00e7\u00e3o direta com a falta de chuvas. A seca fez com que os reservat\u00f3rios das hidrel\u00e9tricas do Sudeste e do Centro-Oeste atingissem o menor n\u00edvel desde 2001. Isso levou o pre\u00e7o da energia el\u00e9trica no mercado de curto prazo a valores recordes, e obrigou o governo a manter acionadas as usinas t\u00e9rmicas, que geram energia mais cara. E as distribuidoras precisam comprar essa energia.<\/p>\n<p>Fonte: Estado de S. Paulo<\/p>\n","protected":false},"excerpt":{"rendered":"<p>Reajuste seria necess\u00e1rio para cobrir d\u00e9ficit de fundo setorial que custeia a redu\u00e7\u00e3o em 20% das tarifas, decretada em 2013 O consumidor pode ter de&#8230;<\/p>\n","protected":false},"author":1182,"featured_media":3538,"comment_status":"closed","ping_status":"closed","sticky":false,"template":"","format":"standard","meta":{"footnotes":""},"categories":[6],"tags":[405,425,424,426],"class_list":["post-3537","post","type-post","status-publish","format-standard","has-post-thumbnail","hentry","category-noticias","tag-aumento","tag-conta","tag-energia","tag-luz"],"_links":{"self":[{"href":"https:\/\/www.sincomam.org.br\/index.php\/wp-json\/wp\/v2\/posts\/3537","targetHints":{"allow":["GET"]}}],"collection":[{"href":"https:\/\/www.sincomam.org.br\/index.php\/wp-json\/wp\/v2\/posts"}],"about":[{"href":"https:\/\/www.sincomam.org.br\/index.php\/wp-json\/wp\/v2\/types\/post"}],"author":[{"embeddable":true,"href":"https:\/\/www.sincomam.org.br\/index.php\/wp-json\/wp\/v2\/users\/1182"}],"replies":[{"embeddable":true,"href":"https:\/\/www.sincomam.org.br\/index.php\/wp-json\/wp\/v2\/comments?post=3537"}],"version-history":[{"count":1,"href":"https:\/\/www.sincomam.org.br\/index.php\/wp-json\/wp\/v2\/posts\/3537\/revisions"}],"predecessor-version":[{"id":3539,"href":"https:\/\/www.sincomam.org.br\/index.php\/wp-json\/wp\/v2\/posts\/3537\/revisions\/3539"}],"wp:featuredmedia":[{"embeddable":true,"href":"https:\/\/www.sincomam.org.br\/index.php\/wp-json\/wp\/v2\/media\/3538"}],"wp:attachment":[{"href":"https:\/\/www.sincomam.org.br\/index.php\/wp-json\/wp\/v2\/media?parent=3537"}],"wp:term":[{"taxonomy":"category","embeddable":true,"href":"https:\/\/www.sincomam.org.br\/index.php\/wp-json\/wp\/v2\/categories?post=3537"},{"taxonomy":"post_tag","embeddable":true,"href":"https:\/\/www.sincomam.org.br\/index.php\/wp-json\/wp\/v2\/tags?post=3537"}],"curies":[{"name":"wp","href":"https:\/\/api.w.org\/{rel}","templated":true}]}}