{"id":35366,"date":"2021-05-31T08:11:24","date_gmt":"2021-05-31T11:11:24","guid":{"rendered":"http:\/\/www.sincomam.org.br\/?p=35366"},"modified":"2021-08-20T16:01:08","modified_gmt":"2021-08-20T19:01:08","slug":"marinha-realiza-acao-na-bacia-de-campos","status":"publish","type":"post","link":"https:\/\/www.sincomam.org.br\/index.php\/marinha-realiza-acao-na-bacia-de-campos\/","title":{"rendered":"Marinha realiza a\u00e7\u00e3o na Bacia de Campos"},"content":{"rendered":"<p><strong><em>Opera\u00e7\u00e3o foi feita durante a Opera\u00e7\u00e3o \u201cAderex Anf\u00edbia\/Superf\u00edcie 2021\u201d<\/em><\/strong><\/p>\n<p>A Marinha do Brasil informou que, navios participantes da Opera\u00e7\u00e3o \u201cAderex Anf\u00edbia\/Superf\u00edcie&#8221; realizaram, em 27 de maio, a\u00e7\u00f5es de Patrulha Naval com a finalidade de implementar e fiscalizar o cumprimento de leis e regulamentos, e assim, prevenir crimes ambientais, contribuir para a salvaguarda da vida humana no mar e coibir a pesca ilegal, na \u00e1rea mar\u00edtima da Bacia de Campos.<\/p>\n<p>A cont\u00ednua a\u00e7\u00e3o de presen\u00e7a contribui para refor\u00e7ar a soberania do Pa\u00eds na Amaz\u00f4nia Azul, conceito pol\u00edtico-estrat\u00e9gico, relacionado a uma \u00e1rea mar\u00edtima que representa cerca de 67% do territ\u00f3rio nacional.<\/p>\n<p>A presen\u00e7a do Navio-Aer\u00f3dromo Multiprop\u00f3sito (NAM) \u201cAtl\u00e2ntico\u201d, da Fragata &#8220;Liberal&#8221;, da Corveta \u201cBarroso\u201d e das aeronaves \u201cLince\u201d do 1\u00ba Esquadr\u00e3o de Esclarecimento e Ataque e \u201cSeahawk\u201d do 1\u00aa Esquadr\u00e3o de Helic\u00f3pteros Antissubmarino, contribu\u00edram para a Marinha mostrar seu poder de dissuas\u00e3o naquela regi\u00e3o petrol\u00edfera.<\/p>\n<p>De forma coordenada e segura, as aeronaves e os navios aproximaram-se das embarca\u00e7\u00f5es e plataformas com objetivo de obter informa\u00e7\u00f5es sobre a ocorr\u00eancia de algum il\u00edcito.<\/p>\n<p>Nenhuma infra\u00e7\u00e3o ou conduta il\u00edcita foi informada, confirmando, assim, que a presen\u00e7a da Marinha tem contribu\u00eddo para dissuadir e desencorajar pr\u00e1ticas que infrinjam as leis e regulamentos na Amaz\u00f4nia Azul.<\/p>\n<p>Fonte: MB<\/p>\n<p>Foto: divulga\u00e7\u00e3o Bacia de Campos<\/p>\n","protected":false},"excerpt":{"rendered":"<p>Opera\u00e7\u00e3o foi feita durante a Opera\u00e7\u00e3o \u201cAderex Anf\u00edbia\/Superf\u00edcie 2021\u201d A Marinha do Brasil informou que, navios participantes da Opera\u00e7\u00e3o \u201cAderex Anf\u00edbia\/Superf\u00edcie&#8221; realizaram, em 27 de&#8230;<\/p>\n","protected":false},"author":1182,"featured_media":35367,"comment_status":"closed","ping_status":"closed","sticky":false,"template":"","format":"standard","meta":{"footnotes":""},"categories":[6],"tags":[4759,361,1013],"class_list":["post-35366","post","type-post","status-publish","format-standard","has-post-thumbnail","hentry","category-noticias","tag-aderex-anfibia-superficie-2021","tag-bacia-de-campos","tag-marinha-do-brasil"],"_links":{"self":[{"href":"https:\/\/www.sincomam.org.br\/index.php\/wp-json\/wp\/v2\/posts\/35366","targetHints":{"allow":["GET"]}}],"collection":[{"href":"https:\/\/www.sincomam.org.br\/index.php\/wp-json\/wp\/v2\/posts"}],"about":[{"href":"https:\/\/www.sincomam.org.br\/index.php\/wp-json\/wp\/v2\/types\/post"}],"author":[{"embeddable":true,"href":"https:\/\/www.sincomam.org.br\/index.php\/wp-json\/wp\/v2\/users\/1182"}],"replies":[{"embeddable":true,"href":"https:\/\/www.sincomam.org.br\/index.php\/wp-json\/wp\/v2\/comments?post=35366"}],"version-history":[{"count":1,"href":"https:\/\/www.sincomam.org.br\/index.php\/wp-json\/wp\/v2\/posts\/35366\/revisions"}],"predecessor-version":[{"id":35368,"href":"https:\/\/www.sincomam.org.br\/index.php\/wp-json\/wp\/v2\/posts\/35366\/revisions\/35368"}],"wp:featuredmedia":[{"embeddable":true,"href":"https:\/\/www.sincomam.org.br\/index.php\/wp-json\/wp\/v2\/media\/35367"}],"wp:attachment":[{"href":"https:\/\/www.sincomam.org.br\/index.php\/wp-json\/wp\/v2\/media?parent=35366"}],"wp:term":[{"taxonomy":"category","embeddable":true,"href":"https:\/\/www.sincomam.org.br\/index.php\/wp-json\/wp\/v2\/categories?post=35366"},{"taxonomy":"post_tag","embeddable":true,"href":"https:\/\/www.sincomam.org.br\/index.php\/wp-json\/wp\/v2\/tags?post=35366"}],"curies":[{"name":"wp","href":"https:\/\/api.w.org\/{rel}","templated":true}]}}