{"id":35359,"date":"2021-05-28T08:00:44","date_gmt":"2021-05-28T11:00:44","guid":{"rendered":"http:\/\/www.sincomam.org.br\/?p=35359"},"modified":"2021-05-28T11:23:07","modified_gmt":"2021-05-28T14:23:07","slug":"portuarios-do-rio-grande-do-norte-comecam-a-ser-vacinados","status":"publish","type":"post","link":"https:\/\/www.sincomam.org.br\/index.php\/portuarios-do-rio-grande-do-norte-comecam-a-ser-vacinados\/","title":{"rendered":"Portu\u00e1rios do Rio Grande do Norte come\u00e7am a ser vacinados"},"content":{"rendered":"<p>Os portu\u00e1rios do Rio Grande do Norte come\u00e7aram a ser vacinados contra a Covid-19. No Porto de Natal, a vacina\u00e7\u00e3o est\u00e1 acontecendo no Terminal Mar\u00edtimo de Passageiros por uma equipe da Secretaria Municipal de Sa\u00fade e vai contemplar todos os colaboradores da Companhia Docas do Rio Grande do Norte (CODERN), na capital e no Munic\u00edpio de Areia Branca.<\/p>\n<p>Os funcion\u00e1rios do Terminal Salineiro (TERSAB) tamb\u00e9m ser\u00e3o imunizados assim que as doses chegarem a Areia Branca e a CODERN junto com a Secretaria Municipal de Sa\u00fade organizarem a log\u00edstica de vacina\u00e7\u00e3o, que ocorrer\u00e1 com a maior brevidade de tempo poss\u00edvel.<\/p>\n<p>A atividade portu\u00e1ria \u00e9 considerada essencial para garantir o abastecimento do Pa\u00eds, Estado e Munic\u00edpios, portanto, integra o grupo priorit\u00e1rio estabelecido pelo Governo Federal (Minist\u00e9rios da Sa\u00fade e Infraestrutura) no Programa Nacional de Imuniza\u00e7\u00e3o (PNI). Para a vacina\u00e7\u00e3o da categoria, foram enviadas doses extras de vacinas da AstraZeneca\/Oxford, produzidas pela Fiocruz, que n\u00e3o alteram o plano de imuniza\u00e7\u00e3o do restante da popula\u00e7\u00e3o.<\/p>\n<p>Enfatiza-se que a vacina \u00e9 fornecida pelo Minist\u00e9rio da Sa\u00fade, repassada a Secretaria Estadual e aplicada por cada Munic\u00edpio.<\/p>\n<p>Fonte: CODERN<\/p>\n","protected":false},"excerpt":{"rendered":"<p>Os portu\u00e1rios do Rio Grande do Norte come\u00e7aram a ser vacinados contra a Covid-19. No Porto de Natal, a vacina\u00e7\u00e3o est\u00e1 acontecendo no Terminal Mar\u00edtimo&#8230;<\/p>\n","protected":false},"author":1182,"featured_media":35360,"comment_status":"closed","ping_status":"closed","sticky":false,"template":"","format":"standard","meta":{"footnotes":""},"categories":[6],"tags":[2752,2751,303,307,674],"class_list":["post-35359","post","type-post","status-publish","format-standard","has-post-thumbnail","hentry","category-noticias","tag-coronavirus","tag-covid-19","tag-portuarios","tag-rio-grande-do-norte","tag-vacina"],"_links":{"self":[{"href":"https:\/\/www.sincomam.org.br\/index.php\/wp-json\/wp\/v2\/posts\/35359","targetHints":{"allow":["GET"]}}],"collection":[{"href":"https:\/\/www.sincomam.org.br\/index.php\/wp-json\/wp\/v2\/posts"}],"about":[{"href":"https:\/\/www.sincomam.org.br\/index.php\/wp-json\/wp\/v2\/types\/post"}],"author":[{"embeddable":true,"href":"https:\/\/www.sincomam.org.br\/index.php\/wp-json\/wp\/v2\/users\/1182"}],"replies":[{"embeddable":true,"href":"https:\/\/www.sincomam.org.br\/index.php\/wp-json\/wp\/v2\/comments?post=35359"}],"version-history":[{"count":1,"href":"https:\/\/www.sincomam.org.br\/index.php\/wp-json\/wp\/v2\/posts\/35359\/revisions"}],"predecessor-version":[{"id":35361,"href":"https:\/\/www.sincomam.org.br\/index.php\/wp-json\/wp\/v2\/posts\/35359\/revisions\/35361"}],"wp:featuredmedia":[{"embeddable":true,"href":"https:\/\/www.sincomam.org.br\/index.php\/wp-json\/wp\/v2\/media\/35360"}],"wp:attachment":[{"href":"https:\/\/www.sincomam.org.br\/index.php\/wp-json\/wp\/v2\/media?parent=35359"}],"wp:term":[{"taxonomy":"category","embeddable":true,"href":"https:\/\/www.sincomam.org.br\/index.php\/wp-json\/wp\/v2\/categories?post=35359"},{"taxonomy":"post_tag","embeddable":true,"href":"https:\/\/www.sincomam.org.br\/index.php\/wp-json\/wp\/v2\/tags?post=35359"}],"curies":[{"name":"wp","href":"https:\/\/api.w.org\/{rel}","templated":true}]}}