{"id":35349,"date":"2021-05-28T10:42:49","date_gmt":"2021-05-28T13:42:49","guid":{"rendered":"http:\/\/www.sincomam.org.br\/?p=35349"},"modified":"2021-05-28T10:42:49","modified_gmt":"2021-05-28T13:42:49","slug":"senado-aprova-mp-que-fixa-em-r-11-mil-valor-do-salario-minimo","status":"publish","type":"post","link":"https:\/\/www.sincomam.org.br\/index.php\/senado-aprova-mp-que-fixa-em-r-11-mil-valor-do-salario-minimo\/","title":{"rendered":"Senado aprova MP que fixa em R$ 1,1 mil valor do sal\u00e1rio m\u00ednimo"},"content":{"rendered":"<p><strong><em>Medida provis\u00f3ria segue para promulga\u00e7\u00e3o<\/em><\/strong><\/p>\n<p>O Senado aprovou hoje (27) a medida provis\u00f3ria (MP) que fixou o sal\u00e1rio m\u00ednimo em R$ 1.100 a partir de 1\u00ba de janeiro deste ano. Trata-se de um aumento de 5,26% (R$ 55) em rela\u00e7\u00e3o ao valor do ano passado, de R$ 1.045. O texto havia sido aprovado ontem (26) pela C\u00e2mara dos Deputados, e os senadores n\u00e3o fizeram altera\u00e7\u00f5es na reda\u00e7\u00e3o final. A MP segue para promulga\u00e7\u00e3o.<\/p>\n<p>O valor proposto pelo governo para este ano corresponde \u00e0 varia\u00e7\u00e3o de 5,22% para o \u00cdndice Nacional de Pre\u00e7os ao Consumidor (INPC), no per\u00edodo de janeiro a dezembro de 2020. O INPC apura a infla\u00e7\u00e3o mensal das fam\u00edlias com renda de um a cinco sal\u00e1rios m\u00ednimos. Como os pre\u00e7os subiram neste ano, as proje\u00e7\u00f5es do governo mudaram. Na proposta de Lei de Diretrizes Or\u00e7ament\u00e1rias (LDO) havia sido sugerido o valor de R$ 1.088.<\/p>\n<p>A MP foi aprovada de forma simb\u00f3lica, sem registro em painel. Esse tipo de vota\u00e7\u00e3o ocorre quando h\u00e1 pouca ou nenhuma resist\u00eancia dos parlamentares na aprova\u00e7\u00e3o de uma mat\u00e9ria. Diferentemente dos deputados, que, apesar de aprovarem a MP, reclamaram do aumento considerado pequeno e arrastaram a discuss\u00e3o por algum tempo, n\u00e3o houve manifesta\u00e7\u00f5es em contr\u00e1rio no Senado.<\/p>\n<p>No entanto, o relator, Luiz do Carmo (MDB-GO), considerou baixo o valor do sal\u00e1rio m\u00ednimo, o qual chamou de \u201csobreviv\u00eancia\u201d, ainda que n\u00e3o tenha sugerido mudan\u00e7as. \u201cQuem ganha at\u00e9 R$ 2 mil n\u00e3o \u00e9 renda, \u00e9 sobreviv\u00eancia. Eu sei que o sal\u00e1rio m\u00ednimo \u00e9 pouco, mas \u00e9 o que o governo pode pagar neste momento&#8221;, afirmou.<\/p>\n<p>Fonte: Ag\u00eancia Brasil<\/p>\n","protected":false},"excerpt":{"rendered":"<p>Medida provis\u00f3ria segue para promulga\u00e7\u00e3o O Senado aprovou hoje (27) a medida provis\u00f3ria (MP) que fixou o sal\u00e1rio m\u00ednimo em R$ 1.100 a partir de&#8230;<\/p>\n","protected":false},"author":1182,"featured_media":17827,"comment_status":"closed","ping_status":"closed","sticky":false,"template":"","format":"standard","meta":{"footnotes":""},"categories":[6],"tags":[818,1831,404,403,924],"class_list":["post-35349","post","type-post","status-publish","format-standard","has-post-thumbnail","hentry","category-noticias","tag-aprovacao","tag-medida-provisoria","tag-minimo","tag-salario","tag-senado"],"_links":{"self":[{"href":"https:\/\/www.sincomam.org.br\/index.php\/wp-json\/wp\/v2\/posts\/35349","targetHints":{"allow":["GET"]}}],"collection":[{"href":"https:\/\/www.sincomam.org.br\/index.php\/wp-json\/wp\/v2\/posts"}],"about":[{"href":"https:\/\/www.sincomam.org.br\/index.php\/wp-json\/wp\/v2\/types\/post"}],"author":[{"embeddable":true,"href":"https:\/\/www.sincomam.org.br\/index.php\/wp-json\/wp\/v2\/users\/1182"}],"replies":[{"embeddable":true,"href":"https:\/\/www.sincomam.org.br\/index.php\/wp-json\/wp\/v2\/comments?post=35349"}],"version-history":[{"count":1,"href":"https:\/\/www.sincomam.org.br\/index.php\/wp-json\/wp\/v2\/posts\/35349\/revisions"}],"predecessor-version":[{"id":35350,"href":"https:\/\/www.sincomam.org.br\/index.php\/wp-json\/wp\/v2\/posts\/35349\/revisions\/35350"}],"wp:featuredmedia":[{"embeddable":true,"href":"https:\/\/www.sincomam.org.br\/index.php\/wp-json\/wp\/v2\/media\/17827"}],"wp:attachment":[{"href":"https:\/\/www.sincomam.org.br\/index.php\/wp-json\/wp\/v2\/media?parent=35349"}],"wp:term":[{"taxonomy":"category","embeddable":true,"href":"https:\/\/www.sincomam.org.br\/index.php\/wp-json\/wp\/v2\/categories?post=35349"},{"taxonomy":"post_tag","embeddable":true,"href":"https:\/\/www.sincomam.org.br\/index.php\/wp-json\/wp\/v2\/tags?post=35349"}],"curies":[{"name":"wp","href":"https:\/\/api.w.org\/{rel}","templated":true}]}}