{"id":35344,"date":"2021-05-28T08:10:06","date_gmt":"2021-05-28T11:10:06","guid":{"rendered":"http:\/\/www.sincomam.org.br\/?p=35344"},"modified":"2021-05-27T11:26:57","modified_gmt":"2021-05-27T14:26:57","slug":"aposentados-do-inss-podem-receber-r-45-mil-por-demissao-na-pandemia","status":"publish","type":"post","link":"https:\/\/www.sincomam.org.br\/index.php\/aposentados-do-inss-podem-receber-r-45-mil-por-demissao-na-pandemia\/","title":{"rendered":"Aposentados do INSS podem receber R$ 4,5 mil por demiss\u00e3o na pandemia"},"content":{"rendered":"<p><strong><em>Projeto prev\u00ea pagamento de tr\u00eas parcelas do benef\u00edcio durante o estado de emerg\u00eancia de sa\u00fade p\u00fablica<\/em><\/strong><\/p>\n<p>O Projeto de Lei 341\/21 prev\u00ea a concess\u00e3o de tr\u00eas parcelas de seguro-desemprego aos aposentados do Instituto Nacional do Seguro Social (INSS) demitidos sem justa causa durante o estado de emerg\u00eancia de sa\u00fade p\u00fablica decorrente da pandemia. A proposta tramita na C\u00e2mara dos Deputados .<\/p>\n<p>As parcelas n\u00e3o poder\u00e3o ter valor superior a R$ 1,5 mil . Para ter direito ao benef\u00edcio, o aposentado ter\u00e1 que cumprir as regras da Lei 7.998\/90, que trata do seguro-desemprego e do abono salarial.<\/p>\n<p>Autora do projeto, a deputada Aline Gurgel (Republicanos-AP) afirma que o benef\u00edcio visa \u201cgarantir um conforto financeiro maior \u00e0queles que, embora recebam j\u00e1 algum benef\u00edcio previdenci\u00e1rio, optaram por continuar trabalhando.\u201d<\/p>\n<p><strong>Tramita\u00e7\u00e3o<\/strong><\/p>\n<p>O projeto ser\u00e1 analisado em car\u00e1ter conclusivo pelas comiss\u00f5es dos Direitos da Pessoa Idosa; de Trabalho, Administra\u00e7\u00e3o e Servi\u00e7o P\u00fablico; de Finan\u00e7as e Tributa\u00e7\u00e3o; e de Constitui\u00e7\u00e3o e Justi\u00e7a e de Cidadania.<\/p>\n<p>Fonte: IG Economia<\/p>\n","protected":false},"excerpt":{"rendered":"<p>Projeto prev\u00ea pagamento de tr\u00eas parcelas do benef\u00edcio durante o estado de emerg\u00eancia de sa\u00fade p\u00fablica O Projeto de Lei 341\/21 prev\u00ea a concess\u00e3o de&#8230;<\/p>\n","protected":false},"author":1182,"featured_media":20357,"comment_status":"closed","ping_status":"closed","sticky":false,"template":"","format":"standard","meta":{"footnotes":""},"categories":[6],"tags":[4365,2752,2751,1502,1839,4754,204,2755,367,449],"class_list":["post-35344","post","type-post","status-publish","format-standard","has-post-thumbnail","hentry","category-noticias","tag-aposentado","tag-coronavirus","tag-covid-19","tag-demissao","tag-inss","tag-lei-341-21","tag-pagamento","tag-pandemia","tag-projeto","tag-seguro-desemprego"],"_links":{"self":[{"href":"https:\/\/www.sincomam.org.br\/index.php\/wp-json\/wp\/v2\/posts\/35344","targetHints":{"allow":["GET"]}}],"collection":[{"href":"https:\/\/www.sincomam.org.br\/index.php\/wp-json\/wp\/v2\/posts"}],"about":[{"href":"https:\/\/www.sincomam.org.br\/index.php\/wp-json\/wp\/v2\/types\/post"}],"author":[{"embeddable":true,"href":"https:\/\/www.sincomam.org.br\/index.php\/wp-json\/wp\/v2\/users\/1182"}],"replies":[{"embeddable":true,"href":"https:\/\/www.sincomam.org.br\/index.php\/wp-json\/wp\/v2\/comments?post=35344"}],"version-history":[{"count":1,"href":"https:\/\/www.sincomam.org.br\/index.php\/wp-json\/wp\/v2\/posts\/35344\/revisions"}],"predecessor-version":[{"id":35345,"href":"https:\/\/www.sincomam.org.br\/index.php\/wp-json\/wp\/v2\/posts\/35344\/revisions\/35345"}],"wp:featuredmedia":[{"embeddable":true,"href":"https:\/\/www.sincomam.org.br\/index.php\/wp-json\/wp\/v2\/media\/20357"}],"wp:attachment":[{"href":"https:\/\/www.sincomam.org.br\/index.php\/wp-json\/wp\/v2\/media?parent=35344"}],"wp:term":[{"taxonomy":"category","embeddable":true,"href":"https:\/\/www.sincomam.org.br\/index.php\/wp-json\/wp\/v2\/categories?post=35344"},{"taxonomy":"post_tag","embeddable":true,"href":"https:\/\/www.sincomam.org.br\/index.php\/wp-json\/wp\/v2\/tags?post=35344"}],"curies":[{"name":"wp","href":"https:\/\/api.w.org\/{rel}","templated":true}]}}