{"id":35340,"date":"2021-05-28T08:02:04","date_gmt":"2021-05-28T11:02:04","guid":{"rendered":"http:\/\/www.sincomam.org.br\/?p=35340"},"modified":"2021-05-27T10:44:38","modified_gmt":"2021-05-27T13:44:38","slug":"tribunal-da-holanda-ordena-que-shell-reduza-em-45-as-emissoes-de-carbono-ate-2030","status":"publish","type":"post","link":"https:\/\/www.sincomam.org.br\/index.php\/tribunal-da-holanda-ordena-que-shell-reduza-em-45-as-emissoes-de-carbono-ate-2030\/","title":{"rendered":"Tribunal da Holanda ordena que Shell reduza em 45% as emiss\u00f5es de carbono at\u00e9 2030"},"content":{"rendered":"<p><em><strong>Decis\u00e3o, favor\u00e1vel a grupos de ativismo clim\u00e1tico e a cerca de 1.700 cidad\u00e3os holandeses, pode abrir precedente para casos semelhantes contra multinacionais poluidoras em todo o mundo<\/strong><\/em><\/p>\n<p>O Tribunal Distrital de Haia, na Holanda, ordenou nesta quarta-feira, 26, que a Royal Dutch Shell reduza suas emiss\u00f5es l\u00edquidas de carbono em 45% at\u00e9 2030, em rela\u00e7\u00e3o aos n\u00edveis de 2019. A decis\u00e3o foi favor\u00e1vel a grupos de ativismo clim\u00e1tico e a cerca de 1.700 cidad\u00e3os holandeses. Em 2018, juntos, eles entraram com uma a\u00e7\u00e3o que pedia que a empresa anglo-holandesa reduzisse as emiss\u00f5es conforme as metas globais estabelecidas no acordo clim\u00e1tico de Paris.<\/p>\n<p>Shell<br \/>\nShell \u00e9 obrigada a reduzir em 45% suas emiss\u00f5es l\u00edquidas de g\u00e1s carb\u00f4nico at\u00e9 2030 Foto: Suzanne Plunkett\/ Reuters<br \/>\nA decis\u00e3o pode abrir precedente para casos semelhantes contra multinacionais poluidoras em todo o mundo. Ao contr\u00e1rio do que alegavam os ativistas, a corte n\u00e3o considerou que a Shell estivesse violando a obriga\u00e7\u00e3o de reduzir emiss\u00f5es, uma vez que endurecia pol\u00edticas ambientais. No entanto, considerou que as novas regras da empresa n\u00e3o eram concretas e tinham muitas ressalvas. Agora, o grupo tem at\u00e9 2030 para tomar as medidas necess\u00e1rias.<\/p>\n<p>O tribunal n\u00e3o definiu como a meta deve ser atingida, a gigante da energia ter\u00e1 &#8220;total liberdade na forma de cumprir sua obriga\u00e7\u00e3o de redu\u00e7\u00e3o e no redesenho da pol\u00edtica corporativa do grupo Shell.&#8221;<\/p>\n<p>Em nota, a Shell afirmou estar &#8220;decepcionada com a decis\u00e3o do tribunal&#8221;. Isso porque, na vis\u00e3o da empresa, eles j\u00e1 investiam bilh\u00f5es de d\u00f3lares em energia limpa, como em ve\u00edculos el\u00e9tricos e biocombust\u00edveis, por exemplo. &#8220;Queremos aumentar a demanda por esses produtos e expandir nossos novos neg\u00f3cios de energia ainda mais rapidamente&#8221;, escreveram.<\/p>\n<p>Fonte: Estad\u00e3o<\/p>\n<p>Foto: divulga\u00e7\u00e3o Shell<\/p>\n","protected":false},"excerpt":{"rendered":"<p>Decis\u00e3o, favor\u00e1vel a grupos de ativismo clim\u00e1tico e a cerca de 1.700 cidad\u00e3os holandeses, pode abrir precedente para casos semelhantes contra multinacionais poluidoras em todo&#8230;<\/p>\n","protected":false},"author":1182,"featured_media":8030,"comment_status":"closed","ping_status":"closed","sticky":false,"template":"","format":"standard","meta":{"footnotes":""},"categories":[6],"tags":[4703,4753,713,785,393],"class_list":["post-35340","post","type-post","status-publish","format-standard","has-post-thumbnail","hentry","category-noticias","tag-emissao","tag-gas-carbono","tag-holanda","tag-shell","tag-tribunal"],"_links":{"self":[{"href":"https:\/\/www.sincomam.org.br\/index.php\/wp-json\/wp\/v2\/posts\/35340","targetHints":{"allow":["GET"]}}],"collection":[{"href":"https:\/\/www.sincomam.org.br\/index.php\/wp-json\/wp\/v2\/posts"}],"about":[{"href":"https:\/\/www.sincomam.org.br\/index.php\/wp-json\/wp\/v2\/types\/post"}],"author":[{"embeddable":true,"href":"https:\/\/www.sincomam.org.br\/index.php\/wp-json\/wp\/v2\/users\/1182"}],"replies":[{"embeddable":true,"href":"https:\/\/www.sincomam.org.br\/index.php\/wp-json\/wp\/v2\/comments?post=35340"}],"version-history":[{"count":1,"href":"https:\/\/www.sincomam.org.br\/index.php\/wp-json\/wp\/v2\/posts\/35340\/revisions"}],"predecessor-version":[{"id":35341,"href":"https:\/\/www.sincomam.org.br\/index.php\/wp-json\/wp\/v2\/posts\/35340\/revisions\/35341"}],"wp:featuredmedia":[{"embeddable":true,"href":"https:\/\/www.sincomam.org.br\/index.php\/wp-json\/wp\/v2\/media\/8030"}],"wp:attachment":[{"href":"https:\/\/www.sincomam.org.br\/index.php\/wp-json\/wp\/v2\/media?parent=35340"}],"wp:term":[{"taxonomy":"category","embeddable":true,"href":"https:\/\/www.sincomam.org.br\/index.php\/wp-json\/wp\/v2\/categories?post=35340"},{"taxonomy":"post_tag","embeddable":true,"href":"https:\/\/www.sincomam.org.br\/index.php\/wp-json\/wp\/v2\/tags?post=35340"}],"curies":[{"name":"wp","href":"https:\/\/api.w.org\/{rel}","templated":true}]}}