{"id":35333,"date":"2021-05-27T09:54:04","date_gmt":"2021-05-27T12:54:04","guid":{"rendered":"http:\/\/www.sincomam.org.br\/?p=35333"},"modified":"2021-05-27T09:54:23","modified_gmt":"2021-05-27T12:54:23","slug":"rio-divulga-calendario-que-preve-vacinacao-de-adultos-ate-outubro","status":"publish","type":"post","link":"https:\/\/www.sincomam.org.br\/index.php\/rio-divulga-calendario-que-preve-vacinacao-de-adultos-ate-outubro\/","title":{"rendered":"Rio divulga calend\u00e1rio que prev\u00ea vacina\u00e7\u00e3o de adultos at\u00e9 outubro"},"content":{"rendered":"<p><strong><em>Imuniza\u00e7\u00e3o de gestantes, pu\u00e9rperas e deficientes visuais ser\u00e1 em junho<\/em><\/strong><\/p>\n<p>A Secretaria de Estado de Sa\u00fade do Rio de Janeiro publicou hoje (26), no Di\u00e1rio Oficial do Estado, um calend\u00e1rio \u00fanico de vacina\u00e7\u00e3o contra covid-19 que vai vigorar de junho a outubro. O cronograma estipula o m\u00eas de vacina\u00e7\u00e3o para grupos especiais e tamb\u00e9m para a popula\u00e7\u00e3o em geral, na faixa de 18 a 59 anos.<\/p>\n<p>Pelo calend\u00e1rio, em junho, continuam a ser vacinadas as pessoas com comorbidades, com defici\u00eancias permanentes que recebem o benef\u00edcio de presta\u00e7\u00e3o continuada (BPC), gestantes e pu\u00e9rperas com comorbidades e deficientes visuais com mais de 18 anos. Tamb\u00e9m ter\u00e3o prioridade no m\u00eas que vem pessoas com autismo, paralisia cerebral, doentes renais cr\u00f4nicos em di\u00e1lise, portadores de nanismo e mielomeningocele.<\/p>\n<p>Conclu\u00edda a vacina\u00e7\u00e3o desses grupos, os munic\u00edpios devem imunizar pessoas em situa\u00e7\u00e3o de rua e pessoas com defici\u00eancia permanente sem o BPC. Em seguida, ser\u00e3o vacinados os funcion\u00e1rios do Sistema de Priva\u00e7\u00e3o de Liberdade, popula\u00e7\u00e3o privada de liberdade, trabalhadores da educa\u00e7\u00e3o b\u00e1sica e superior, for\u00e7as de seguran\u00e7a e salvamento e For\u00e7as Armadas.<\/p>\n<p>Para esses grupos, passar\u00e1 a ser reservado o percentual de 20% das doses. J\u00e1 os 80% restantes ser\u00e3o destinados a vacinar a popula\u00e7\u00e3o em geral, tamb\u00e9m por idade. Em junho, o calend\u00e1rio prev\u00ea a vacina\u00e7\u00e3o da popula\u00e7\u00e3o de 55 a 59 anos com essas doses.<\/p>\n<p>O calend\u00e1rio prossegue com a vacina\u00e7\u00e3o de pessoas com 45 a 54 anos em julho, de 35 a 44 anos em agosto, de 25 a 34 anos em setembro e de 18 a 24 anos em outubro. Todas essas faixas et\u00e1rias ser\u00e3o vacinadas em ordem decrescente de idade.<\/p>\n<p>O texto \u00e9 assinado pelo secret\u00e1rio estadual de Sa\u00fade, Alexandre Chieppe, que tamb\u00e9m \u00e9 presidente da Comiss\u00e3o Intergestores Bipartite, e pelo presidente do Conselho de Secretarias Municipais de Sa\u00fade do Estado do Rio de Janeiro e secret\u00e1rio municipal de Sa\u00fade de Niter\u00f3i, Rodrigo Alves Torres Oliveira.<\/p>\n<p>Em nota divulgada na tarde desta quarta-feira pela SES-RJ, Chieppe afirma que o calend\u00e1rio \u00fanico permite que a popula\u00e7\u00e3o tenha uma previs\u00e3o melhor de quando ser\u00e1 vacinada.<\/p>\n<p><em>&#8220;\u00c9 um grande avan\u00e7o, uma vez que teremos os 92 munic\u00edpios pactuados e seguindo a mesma l\u00f3gica de vacina\u00e7\u00e3o. \u00c9 um calend\u00e1rio misto, que, de forma concomitante ao calend\u00e1rio por idade, tamb\u00e9m promove a vacina\u00e7\u00e3o de alguns grupos especiais elencados pelo Programa Nacional de Imuniza\u00e7\u00f5es [PNI]&#8221;.<\/em><\/p>\n<p>Procurada pela Ag\u00eancia Brasil, a Secretaria Municipal de Sa\u00fade do Rio de Janeiro respondeu que o calend\u00e1rio anteriormente divulgado continua em vigor. O munic\u00edpio do Rio prev\u00ea vacinar pessoas de 51 a 59 anos em junho e contemplar todas as faixas et\u00e1rias do grupo priorit\u00e1rio ainda em maio.<\/p>\n<p>A partir de julho, as datas dos calend\u00e1rios ficam mais pr\u00f3ximos. O munic\u00edpio do Rio prev\u00ea a vacina\u00e7\u00e3o de pessoas de 42 a 50 anos, enquanto o calend\u00e1rio estadual programou a vacina\u00e7\u00e3o de 45 a 55 anos.<\/p>\n<p>Pequenas diferen\u00e7as na faixa et\u00e1ria alvo tamb\u00e9m est\u00e3o previstas em agosto e setembro, e ambos os calend\u00e1rios projetam a vacina\u00e7\u00e3o da popula\u00e7\u00e3o de 18 a 24 anos para outubro.<\/p>\n<p>Segundo o calend\u00e1rio do munic\u00edpio do Rio, a imuniza\u00e7\u00e3o estar\u00e1 dispon\u00edvel para toda a popula\u00e7\u00e3o adulta at\u00e9 23 de outubro.<\/p>\n<p>Fonte: Ag\u00eancia Brasil<\/p>\n","protected":false},"excerpt":{"rendered":"<p>Imuniza\u00e7\u00e3o de gestantes, pu\u00e9rperas e deficientes visuais ser\u00e1 em junho A Secretaria de Estado de Sa\u00fade do Rio de Janeiro publicou hoje (26), no Di\u00e1rio&#8230;<\/p>\n","protected":false},"author":1182,"featured_media":30124,"comment_status":"closed","ping_status":"closed","sticky":false,"template":"","format":"standard","meta":{"footnotes":""},"categories":[6],"tags":[3229,61,2817,319,4671,2752,2751,4749,3276,1070,1375,4750,59,1538,674,980],"class_list":["post-35333","post","type-post","status-publish","format-standard","has-post-thumbnail","hentry","category-noticias","tag-adultos","tag-brasil","tag-calendario","tag-carioca","tag-comorbidades","tag-coronavirus","tag-covid-19","tag-deficiencias","tag-fiocruz","tag-jovens","tag-populacao","tag-programa-nacional-de-imunizacoes-pni","tag-rio-de-janeiro","tag-trabalhador","tag-vacina","tag-vacinacao"],"_links":{"self":[{"href":"https:\/\/www.sincomam.org.br\/index.php\/wp-json\/wp\/v2\/posts\/35333","targetHints":{"allow":["GET"]}}],"collection":[{"href":"https:\/\/www.sincomam.org.br\/index.php\/wp-json\/wp\/v2\/posts"}],"about":[{"href":"https:\/\/www.sincomam.org.br\/index.php\/wp-json\/wp\/v2\/types\/post"}],"author":[{"embeddable":true,"href":"https:\/\/www.sincomam.org.br\/index.php\/wp-json\/wp\/v2\/users\/1182"}],"replies":[{"embeddable":true,"href":"https:\/\/www.sincomam.org.br\/index.php\/wp-json\/wp\/v2\/comments?post=35333"}],"version-history":[{"count":1,"href":"https:\/\/www.sincomam.org.br\/index.php\/wp-json\/wp\/v2\/posts\/35333\/revisions"}],"predecessor-version":[{"id":35334,"href":"https:\/\/www.sincomam.org.br\/index.php\/wp-json\/wp\/v2\/posts\/35333\/revisions\/35334"}],"wp:featuredmedia":[{"embeddable":true,"href":"https:\/\/www.sincomam.org.br\/index.php\/wp-json\/wp\/v2\/media\/30124"}],"wp:attachment":[{"href":"https:\/\/www.sincomam.org.br\/index.php\/wp-json\/wp\/v2\/media?parent=35333"}],"wp:term":[{"taxonomy":"category","embeddable":true,"href":"https:\/\/www.sincomam.org.br\/index.php\/wp-json\/wp\/v2\/categories?post=35333"},{"taxonomy":"post_tag","embeddable":true,"href":"https:\/\/www.sincomam.org.br\/index.php\/wp-json\/wp\/v2\/tags?post=35333"}],"curies":[{"name":"wp","href":"https:\/\/api.w.org\/{rel}","templated":true}]}}