{"id":35322,"date":"2021-05-27T09:04:02","date_gmt":"2021-05-27T12:04:02","guid":{"rendered":"http:\/\/www.sincomam.org.br\/?p=35322"},"modified":"2021-05-27T09:04:02","modified_gmt":"2021-05-27T12:04:02","slug":"camara-aprova-mp-do-novo-salario-minimo-de-r-1-100","status":"publish","type":"post","link":"https:\/\/www.sincomam.org.br\/index.php\/camara-aprova-mp-do-novo-salario-minimo-de-r-1-100\/","title":{"rendered":"C\u00e2mara aprova MP do novo sal\u00e1rio m\u00ednimo de R$ 1.100"},"content":{"rendered":"<p><strong><em>Texto ainda passar\u00e1 por an\u00e1lise do Senado<\/em><\/strong><\/p>\n<p>A C\u00e2mara aprovou hoje (26) o texto-base da Medida Provis\u00f3ria (MP) que fixou o sal\u00e1rio-m\u00ednimo no valor de R$ 1.100. Trata-se de um aumento de 5,26% (R$ 55) em rela\u00e7\u00e3o ao valor do ano passado, de R$ 1.045. A MP ainda passar\u00e1 por an\u00e1lise do Senado.<\/p>\n<p>O valor proposto pelo governo para este ano corresponde \u00e0 varia\u00e7\u00e3o de 5,22% para o \u00cdndice Nacional de Pre\u00e7os ao Consumidor (INPC), no per\u00edodo de janeiro a dezembro de 2020. O INPC apura a infla\u00e7\u00e3o mensal das fam\u00edlias com renda de um a cinco sal\u00e1rios-m\u00ednimos. Como os pre\u00e7os subiram neste ano, as proje\u00e7\u00f5es do governo mudaram. Na proposta de Lei de Diretrizes Or\u00e7ament\u00e1rias (LDO) havia sido sugerido um m\u00ednimo de R$ 1.088.<\/p>\n<p>Alguns deputados reclamaram do reajuste fixado pelo governo. Para eles, o aumento n\u00e3o contempla a escalada da infla\u00e7\u00e3o e da crise econ\u00f4mica gerada pela pandemia. \u201cSabemos que \u00e9 importante qualquer reajuste que seja, embora seja indigno no mesmo momento que a infla\u00e7\u00e3o est\u00e1 descontrolada, que aumenta o desemprego, que h\u00e1 inseguran\u00e7a alimentar da popula\u00e7\u00e3o, a contrapartida seja um aumento de apenas 5% [no sal\u00e1rio]\u201d, disse Tadeu Alencar (PSB-PE).<\/p>\n<p>Representantes da base governista afirmaram que o governo fez o poss\u00edvel com o reajuste. \u201cClaro, se o presidente Bolsonaro pudesse dar um aumento muito maior, ele daria. Mas n\u00e3o tem previs\u00e3o or\u00e7ament\u00e1ria para uma corre\u00e7\u00e3o maior. Foi a corre\u00e7\u00e3o poss\u00edvel. Se tiv\u00e9ssemos possibilidades, um reajuste muito maior seria oferecido\u201d, disse o deputado Sanderson (PSL-RS).<\/p>\n<p>Fonte: Ag\u00eancia Brasil<\/p>\n","protected":false},"excerpt":{"rendered":"<p>Texto ainda passar\u00e1 por an\u00e1lise do Senado A C\u00e2mara aprovou hoje (26) o texto-base da Medida Provis\u00f3ria (MP) que fixou o sal\u00e1rio-m\u00ednimo no valor de&#8230;<\/p>\n","protected":false},"author":1182,"featured_media":17827,"comment_status":"closed","ping_status":"closed","sticky":false,"template":"","format":"standard","meta":{"footnotes":""},"categories":[6],"tags":[818,61,732,2751,1831,404,2755,403,924,1538],"class_list":["post-35322","post","type-post","status-publish","format-standard","has-post-thumbnail","hentry","category-noticias","tag-aprovacao","tag-brasil","tag-camara","tag-covid-19","tag-medida-provisoria","tag-minimo","tag-pandemia","tag-salario","tag-senado","tag-trabalhador"],"_links":{"self":[{"href":"https:\/\/www.sincomam.org.br\/index.php\/wp-json\/wp\/v2\/posts\/35322","targetHints":{"allow":["GET"]}}],"collection":[{"href":"https:\/\/www.sincomam.org.br\/index.php\/wp-json\/wp\/v2\/posts"}],"about":[{"href":"https:\/\/www.sincomam.org.br\/index.php\/wp-json\/wp\/v2\/types\/post"}],"author":[{"embeddable":true,"href":"https:\/\/www.sincomam.org.br\/index.php\/wp-json\/wp\/v2\/users\/1182"}],"replies":[{"embeddable":true,"href":"https:\/\/www.sincomam.org.br\/index.php\/wp-json\/wp\/v2\/comments?post=35322"}],"version-history":[{"count":1,"href":"https:\/\/www.sincomam.org.br\/index.php\/wp-json\/wp\/v2\/posts\/35322\/revisions"}],"predecessor-version":[{"id":35323,"href":"https:\/\/www.sincomam.org.br\/index.php\/wp-json\/wp\/v2\/posts\/35322\/revisions\/35323"}],"wp:featuredmedia":[{"embeddable":true,"href":"https:\/\/www.sincomam.org.br\/index.php\/wp-json\/wp\/v2\/media\/17827"}],"wp:attachment":[{"href":"https:\/\/www.sincomam.org.br\/index.php\/wp-json\/wp\/v2\/media?parent=35322"}],"wp:term":[{"taxonomy":"category","embeddable":true,"href":"https:\/\/www.sincomam.org.br\/index.php\/wp-json\/wp\/v2\/categories?post=35322"},{"taxonomy":"post_tag","embeddable":true,"href":"https:\/\/www.sincomam.org.br\/index.php\/wp-json\/wp\/v2\/tags?post=35322"}],"curies":[{"name":"wp","href":"https:\/\/api.w.org\/{rel}","templated":true}]}}