{"id":35314,"date":"2021-05-27T08:00:18","date_gmt":"2021-05-27T11:00:18","guid":{"rendered":"http:\/\/www.sincomam.org.br\/?p=35314"},"modified":"2021-05-26T11:55:29","modified_gmt":"2021-05-26T14:55:29","slug":"35314","status":"publish","type":"post","link":"https:\/\/www.sincomam.org.br\/index.php\/35314\/","title":{"rendered":"Ministro da Infraestrutura anuncia o in\u00edcio da vacina\u00e7\u00e3o dos portu\u00e1rios em Santos, SP"},"content":{"rendered":"<p><strong><em>Em \u00e1udio, Tarc\u00edsio Gomes de Freitas afirma que primeiras doses devem ser enviadas a partir de ter\u00e7a-feira (25)<\/em><\/strong><\/p>\n<p>Os trabalhadores portu\u00e1rios foram inclu\u00eddos como grupo priorit\u00e1rio no Plano Nacional de Imuniza\u00e7\u00e3o (PNI) contra a Covid-19, segundo o Ministro da Infraestrutura, Tarc\u00edsio Gomes de Freitas, na noite deste domingo (23). A inclus\u00e3o atende \u00e0s reivindica\u00e7\u00f5es dos trabalhadores do Porto de Santos, no litoral de S\u00e3o Paulo.<\/p>\n<p>Em \u00e1udio divulgado pela Federa\u00e7\u00e3o Nacional das Opera\u00e7\u00f5es Portu\u00e1rias (Fenop), o ministro anunciou que o Governo Federal far\u00e1 testagens nos trabalhadores portu\u00e1rios e enviar\u00e1 as primeiras doses das vacinas contra a Covid-19 a partir desta ter\u00e7a-feira (25), para in\u00edcio das aplica\u00e7\u00f5es at\u00e9 a semana que vem.<\/p>\n<p>O Minist\u00e9rio da Infraestrutura confirmou as informa\u00e7\u00f5es nesta segunda-feira (24) ao G1. Segundo o Minist\u00e9rio, cabe ao Governo Federal, dentro do PNI, adquirir as vacinas contra a Covid-19, definir quem faz parte dos grupos priorit\u00e1rios e enviar os imunizantes \u00e0s unidades da federa\u00e7\u00e3o. Estados e munic\u00edpios, ent\u00e3o, promovem a vacina\u00e7\u00e3o.<\/p>\n<p>De acordo com o Minist\u00e9rio da Sa\u00fade, tamb\u00e9m est\u00e3o previstas testagens em todos os portos e aeroportos, visando a prote\u00e7\u00e3o dos trabalhadores e preven\u00e7\u00e3o quanto a novas cepas da covid-19.<\/p>\n<p>A Secretaria de Sa\u00fade de Santos informou que realiza, na manh\u00e3 desta segunda-feira, uma reuni\u00e3o para acertar os detalhes da imuniza\u00e7\u00e3o da categoria no munic\u00edpio.<\/p>\n<p>A Prefeitura de Guaruj\u00e1 disse que aguarda um posicionamento dos governos estadual e federal quanto \u00e0 destina\u00e7\u00e3o de doses e a inclus\u00e3o dos portu\u00e1rios no Plano Estadual de Imuniza\u00e7\u00e3o (PEI) \u2013 pois \u00e9 de acordo com cronograma do Governo do Estado que o Munic\u00edpio recebe os imunizantes.<\/p>\n<p>Por meio de nota, a Santos Port Authority (SPA), a autoridade portu\u00e1ria de Santos, disse que est\u00e1 alinhada ao Minfra, defende a vacina\u00e7\u00e3o e est\u00e1 a disposi\u00e7\u00e3o para trabalhar em conjunto com as autoridades para acelerar o processo. Com rela\u00e7\u00e3o as quest\u00f5es da vacina\u00e7\u00e3o, a SPA ainda falou que seguir\u00e1 todas as orienta\u00e7\u00f5es emanadas pelo Minist\u00e9rio com rela\u00e7\u00e3o a esse processo.<\/p>\n<p><strong>Reivindica\u00e7\u00e3o<\/strong><\/p>\n<p>A antecipa\u00e7\u00e3o da vacina\u00e7\u00e3o dos trabalhadores portu\u00e1rios contra a Covid-19 atende \u00e0s reivindica\u00e7\u00f5es feitas por sindicatos de diversas categorias portu\u00e1rias. Os representantes dos trabalhadores fizeram protestos e chegaram a se reunir com o prefeito de Santos, Rog\u00e9rio Santos (PSDB), na semana passada, para pedir o apoio do governo municipal.<\/p>\n<p>Os representantes relatam que a categoria segue trabalhando presencialmente desde o in\u00edcio da pandemia e que deveriam ter prioridade no calend\u00e1rio de imuniza\u00e7\u00e3o, assim como os trabalhadores das \u00e1reas da Sa\u00fade e Seguran\u00e7a.<\/p>\n<p>O Sindicato dos Operadores Portu\u00e1rios do Estado de S\u00e3o Paulo (Sopesp) realizou um levantamento, \u00e0 pedido da prefeitura, para verificar quantas doses ser\u00e3o suficientes para imunizar os trabalhadores do Porto de Santos. No total, segundo o levantamento, ser\u00e3o necess\u00e1rias 22 mil doses da vacina.<\/p>\n<p>Fonte: G1 Santos<\/p>\n","protected":false},"excerpt":{"rendered":"<p>Em \u00e1udio, Tarc\u00edsio Gomes de Freitas afirma que primeiras doses devem ser enviadas a partir de ter\u00e7a-feira (25) Os trabalhadores portu\u00e1rios foram inclu\u00eddos como grupo&#8230;<\/p>\n","protected":false},"author":1182,"featured_media":34235,"comment_status":"closed","ping_status":"closed","sticky":false,"template":"","format":"standard","meta":{"footnotes":""},"categories":[6],"tags":[2751,2979,80,303,89,1140,674],"class_list":["post-35314","post","type-post","status-publish","format-standard","has-post-thumbnail","hentry","category-noticias","tag-covid-19","tag-ministerio-da-infraestrutura","tag-porto","tag-portuarios","tag-santos","tag-trabalhadores","tag-vacina"],"_links":{"self":[{"href":"https:\/\/www.sincomam.org.br\/index.php\/wp-json\/wp\/v2\/posts\/35314","targetHints":{"allow":["GET"]}}],"collection":[{"href":"https:\/\/www.sincomam.org.br\/index.php\/wp-json\/wp\/v2\/posts"}],"about":[{"href":"https:\/\/www.sincomam.org.br\/index.php\/wp-json\/wp\/v2\/types\/post"}],"author":[{"embeddable":true,"href":"https:\/\/www.sincomam.org.br\/index.php\/wp-json\/wp\/v2\/users\/1182"}],"replies":[{"embeddable":true,"href":"https:\/\/www.sincomam.org.br\/index.php\/wp-json\/wp\/v2\/comments?post=35314"}],"version-history":[{"count":2,"href":"https:\/\/www.sincomam.org.br\/index.php\/wp-json\/wp\/v2\/posts\/35314\/revisions"}],"predecessor-version":[{"id":35318,"href":"https:\/\/www.sincomam.org.br\/index.php\/wp-json\/wp\/v2\/posts\/35314\/revisions\/35318"}],"wp:featuredmedia":[{"embeddable":true,"href":"https:\/\/www.sincomam.org.br\/index.php\/wp-json\/wp\/v2\/media\/34235"}],"wp:attachment":[{"href":"https:\/\/www.sincomam.org.br\/index.php\/wp-json\/wp\/v2\/media?parent=35314"}],"wp:term":[{"taxonomy":"category","embeddable":true,"href":"https:\/\/www.sincomam.org.br\/index.php\/wp-json\/wp\/v2\/categories?post=35314"},{"taxonomy":"post_tag","embeddable":true,"href":"https:\/\/www.sincomam.org.br\/index.php\/wp-json\/wp\/v2\/tags?post=35314"}],"curies":[{"name":"wp","href":"https:\/\/api.w.org\/{rel}","templated":true}]}}