{"id":35304,"date":"2021-05-26T11:19:39","date_gmt":"2021-05-26T14:19:39","guid":{"rendered":"http:\/\/www.sincomam.org.br\/?p=35304"},"modified":"2021-05-26T11:19:39","modified_gmt":"2021-05-26T14:19:39","slug":"painel-de-indicadores-ira-avaliar-servicos-prestados-nos-portos-organizados","status":"publish","type":"post","link":"https:\/\/www.sincomam.org.br\/index.php\/painel-de-indicadores-ira-avaliar-servicos-prestados-nos-portos-organizados\/","title":{"rendered":"Painel de indicadores ir\u00e1 avaliar servi\u00e7os prestados nos portos organizados"},"content":{"rendered":"<p><strong><em>Projeto visa identificar os principais gargalos na gest\u00e3o dos portos p\u00fablicos<\/em><\/strong><\/p>\n<p>O Minist\u00e9rio da Infraestrutura e a Confedera\u00e7\u00e3o Nacional de Transportes (CNT), com apoio da Ag\u00eancia Nacional de Transportes Aquavi\u00e1rios (Antaq), firmaram uma parceria para o desenvolvimento de um painel de indicadores portu\u00e1rios para mapear as performances dos \u00f3rg\u00e3os anuentes nos portos p\u00fablicos. Dessa forma, ser\u00e1 poss\u00edvel identificar os pontos que necessitam de mudan\u00e7as e as medidas necess\u00e1rias para aperfei\u00e7oar seus processos, contribuindo na busca da melhoria cont\u00ednua da produtividade.<\/p>\n<p>A partir de portos pr\u00e9-selecionados, a Funda\u00e7\u00e3o Dom Cabral, consultoria contratada, vai avaliar indicadores relacionados \u00e0s opera\u00e7\u00f5es portu\u00e1rias, de cargas e passageiros, envolvendo atraca\u00e7\u00f5es e desatraca\u00e7\u00f5es de navios em ber\u00e7os portu\u00e1rios, opera\u00e7\u00e3o de cargas dentro das \u00e1reas portu\u00e1rias, e entrada e sa\u00edda de mercadoras nos portos. Os servi\u00e7os devem ser executados em at\u00e9 10 meses.<\/p>\n<p>A realiza\u00e7\u00e3o desta iniciativa foi proposta pela Comiss\u00e3o Nacional das Autoridades nos Portos (Conaportos), que tem por finalidade propor, coordenar e avaliar medidas de efici\u00eancia relacionadas \u00e0s atividades desempenhadas pelos \u00f3rg\u00e3os e entidades p\u00fablicas nos <em>portos e instala\u00e7\u00f5es portu\u00e1rias.<\/em><\/p>\n<p><em>\u201cO painel ser\u00e1 uma ferramenta importante, pois iremos ter uma dimens\u00e3o pr\u00f3-ativa da qualidade dos servi\u00e7os oferecidos pelas autoridades portu\u00e1rias e, por meio dele, tra\u00e7ar pol\u00edticas p\u00fablicas mais eficientes e focadas no setor\u201d, afirmou o Secret\u00e1rio Nacional de Portos e Transportes Aquavi\u00e1rios, Diogo Piloni.<\/em><\/p>\n<p>*Com informa\u00e7\u00f5es do MInfra<\/p>\n<p>Foto: ANTAQ\/Porto de Bel\u00e9m<\/p>\n","protected":false},"excerpt":{"rendered":"<p>Projeto visa identificar os principais gargalos na gest\u00e3o dos portos p\u00fablicos O Minist\u00e9rio da Infraestrutura e a Confedera\u00e7\u00e3o Nacional de Transportes (CNT), com apoio da&#8230;<\/p>\n","protected":false},"author":1182,"featured_media":35305,"comment_status":"closed","ping_status":"closed","sticky":false,"template":"","format":"standard","meta":{"footnotes":""},"categories":[6],"tags":[4745,2979,4744,862],"class_list":["post-35304","post","type-post","status-publish","format-standard","has-post-thumbnail","hentry","category-noticias","tag-confederacao-nacional-de-transportes","tag-ministerio-da-infraestrutura","tag-portos-organizados","tag-servicos"],"_links":{"self":[{"href":"https:\/\/www.sincomam.org.br\/index.php\/wp-json\/wp\/v2\/posts\/35304","targetHints":{"allow":["GET"]}}],"collection":[{"href":"https:\/\/www.sincomam.org.br\/index.php\/wp-json\/wp\/v2\/posts"}],"about":[{"href":"https:\/\/www.sincomam.org.br\/index.php\/wp-json\/wp\/v2\/types\/post"}],"author":[{"embeddable":true,"href":"https:\/\/www.sincomam.org.br\/index.php\/wp-json\/wp\/v2\/users\/1182"}],"replies":[{"embeddable":true,"href":"https:\/\/www.sincomam.org.br\/index.php\/wp-json\/wp\/v2\/comments?post=35304"}],"version-history":[{"count":1,"href":"https:\/\/www.sincomam.org.br\/index.php\/wp-json\/wp\/v2\/posts\/35304\/revisions"}],"predecessor-version":[{"id":35306,"href":"https:\/\/www.sincomam.org.br\/index.php\/wp-json\/wp\/v2\/posts\/35304\/revisions\/35306"}],"wp:featuredmedia":[{"embeddable":true,"href":"https:\/\/www.sincomam.org.br\/index.php\/wp-json\/wp\/v2\/media\/35305"}],"wp:attachment":[{"href":"https:\/\/www.sincomam.org.br\/index.php\/wp-json\/wp\/v2\/media?parent=35304"}],"wp:term":[{"taxonomy":"category","embeddable":true,"href":"https:\/\/www.sincomam.org.br\/index.php\/wp-json\/wp\/v2\/categories?post=35304"},{"taxonomy":"post_tag","embeddable":true,"href":"https:\/\/www.sincomam.org.br\/index.php\/wp-json\/wp\/v2\/tags?post=35304"}],"curies":[{"name":"wp","href":"https:\/\/api.w.org\/{rel}","templated":true}]}}