{"id":35302,"date":"2021-05-26T11:11:28","date_gmt":"2021-05-26T14:11:28","guid":{"rendered":"http:\/\/www.sincomam.org.br\/?p=35302"},"modified":"2021-05-26T11:41:33","modified_gmt":"2021-05-26T14:41:33","slug":"covid-19-trabalhadores-portuarios-devem-ser-vacinados-nos-proximos-dias","status":"publish","type":"post","link":"https:\/\/www.sincomam.org.br\/index.php\/covid-19-trabalhadores-portuarios-devem-ser-vacinados-nos-proximos-dias\/","title":{"rendered":"Covid-19: Trabalhadores portu\u00e1rios devem ser vacinados nos pr\u00f3ximos dias"},"content":{"rendered":"<p><strong><em>Primeira etapa vai atender 100% dos trabalhadores portu\u00e1rios e 78% de pessoas ligadas ao transporte a\u00e9reo<\/em><\/strong><\/p>\n<p>Cerca de 200 mil trabalhadores portu\u00e1rios e do transporte a\u00e9reo come\u00e7ar\u00e3o a ser imunizados contra a covid-19 no Brasil. Em reuni\u00f5es virtuais nesta ter\u00e7a-feira (25), os secret\u00e1rios-executivos do Minist\u00e9rio da Infraestrutura, Marcelo Sampaio, e do Minist\u00e9rio da Sa\u00fade, Rodrigo Cruz, fizeram o an\u00fancio da vacina\u00e7\u00e3o.<\/p>\n<p>As vacinas come\u00e7am a ser distribu\u00eddas aos estados a partir da madrugada desta quarta-feira (26) e aplicadas de acordo com a log\u00edstica que vem sendo implantada por cada estado e munic\u00edpio. A primeira etapa vai atender 100% dos trabalhadores portu\u00e1rios e 78% de pessoas ligadas ao transporte a\u00e9reo.<\/p>\n<p><em>\u201cEsperamos que dentro de 48 horas as secretarias estaduais e municipais j\u00e1 possam vacinar esses trabalhadores de duas categorias muito importantes para a economia do pa\u00eds\u201d, destacou o secret\u00e1rio-executivo do Minist\u00e9rio da Infraestrutura.<\/em><\/p>\n<p><strong>Vacinas <\/strong><\/p>\n<p>De acordo com o Minist\u00e9rio da Sa\u00fade, os dois grupos receber\u00e3o doses extras de vacinas da AstraZeneca\/Oxford, produzidas pela Fiocruz, que n\u00e3o alteram o plano de imuniza\u00e7\u00e3o do restante da popula\u00e7\u00e3o. Os imunizantes v\u00e3o contar com um carimbo especificando a destina\u00e7\u00e3o a portu\u00e1rios e trabalhadores do setor de avia\u00e7\u00e3o civil.<\/p>\n<p><em>\u201cOptamos por antecipar a vacina\u00e7\u00e3o desses trabalhadores para contribuir o mais r\u00e1pido poss\u00edvel com a queda da demanda hospitalar para tirar o pa\u00eds dessa pandemia\u201d, avaliou o secret\u00e1rio-executivo do Minist\u00e9rio da Sa\u00fade.<\/em><\/p>\n<p><strong>Quem tem direito<\/strong><\/p>\n<p>O grupo de portu\u00e1rios abrange neste momento funcion\u00e1rios das autoridades portu\u00e1rias, funcion\u00e1rios de operadores (arrendat\u00e1rio ou autorizat\u00e1rio) e trabalhadores avulsos. J\u00e1 no setor de avia\u00e7\u00e3o receber\u00e3o a vacina funcion\u00e1rios de aeroportos, de companhias a\u00e9reas e de empresas prestadoras de servi\u00e7os.<\/p>\n<p><strong>A\u00e7\u00e3o<\/strong><\/p>\n<p>A campanha de vacina\u00e7\u00e3o iniciou ap\u00f3s o an\u00fancio da presen\u00e7a da variante indiana do coronav\u00edrus em tripulantes do navio MV Shandong Da Zhi. A embarca\u00e7\u00e3o est\u00e1 ancorada no Porto do Maranh\u00e3o.<img decoding=\"async\" src=\"https:\/\/agenciabrasil.ebc.com.br\/ebc.png?id=1410280&amp;o=node\" \/><img decoding=\"async\" src=\"https:\/\/agenciabrasil.ebc.com.br\/ebc.gif?id=1410280&amp;o=node\" \/> O Minist\u00e9rio da Sa\u00fade tamb\u00e9m enviou 600 mil de testes r\u00e1pidos para identificar poss\u00edveis casos da variante indiana de covid-19 na cidade de S\u00e3o Lu\u00eds.<\/p>\n<p>*Com informa\u00e7\u00f5es do Minist\u00e9rio da Infraestrutura<\/p>\n<p><strong>Leia tamb\u00e9m: <\/strong><a href=\"https:\/\/www.sincomam.org.br\/index.php\/covid-19-paciente-internado-no-maranhao-com-variante-indiana-esta-em-estado-grave\/\" target=\"_blank\" rel=\"noopener\"><strong>Tripulantes do navio com cepa indiana est\u00e3o isolados no mar do Maranh\u00e3o<\/strong><\/a><\/p>\n","protected":false},"excerpt":{"rendered":"<p>Primeira etapa vai atender 100% dos trabalhadores portu\u00e1rios e 78% de pessoas ligadas ao transporte a\u00e9reo Cerca de 200 mil trabalhadores portu\u00e1rios e do transporte&#8230;<\/p>\n","protected":false},"author":1182,"featured_media":34556,"comment_status":"closed","ping_status":"closed","sticky":false,"template":"","format":"standard","meta":{"footnotes":""},"categories":[6],"tags":[4268,1428,4324,61,2751,3276,3182,2979,3569,69,1026,1996,189,674],"class_list":["post-35302","post","type-post","status-publish","format-standard","has-post-thumbnail","hentry","category-noticias","tag-aereo","tag-aeroportos","tag-astrazeneca-oxford","tag-brasil","tag-covid-19","tag-fiocruz","tag-imunizacao","tag-ministerio-da-infraestrutura","tag-ministerio-da-saude","tag-portos","tag-portuario","tag-trabalhador-portuario","tag-transporte","tag-vacina"],"_links":{"self":[{"href":"https:\/\/www.sincomam.org.br\/index.php\/wp-json\/wp\/v2\/posts\/35302","targetHints":{"allow":["GET"]}}],"collection":[{"href":"https:\/\/www.sincomam.org.br\/index.php\/wp-json\/wp\/v2\/posts"}],"about":[{"href":"https:\/\/www.sincomam.org.br\/index.php\/wp-json\/wp\/v2\/types\/post"}],"author":[{"embeddable":true,"href":"https:\/\/www.sincomam.org.br\/index.php\/wp-json\/wp\/v2\/users\/1182"}],"replies":[{"embeddable":true,"href":"https:\/\/www.sincomam.org.br\/index.php\/wp-json\/wp\/v2\/comments?post=35302"}],"version-history":[{"count":4,"href":"https:\/\/www.sincomam.org.br\/index.php\/wp-json\/wp\/v2\/posts\/35302\/revisions"}],"predecessor-version":[{"id":35312,"href":"https:\/\/www.sincomam.org.br\/index.php\/wp-json\/wp\/v2\/posts\/35302\/revisions\/35312"}],"wp:featuredmedia":[{"embeddable":true,"href":"https:\/\/www.sincomam.org.br\/index.php\/wp-json\/wp\/v2\/media\/34556"}],"wp:attachment":[{"href":"https:\/\/www.sincomam.org.br\/index.php\/wp-json\/wp\/v2\/media?parent=35302"}],"wp:term":[{"taxonomy":"category","embeddable":true,"href":"https:\/\/www.sincomam.org.br\/index.php\/wp-json\/wp\/v2\/categories?post=35302"},{"taxonomy":"post_tag","embeddable":true,"href":"https:\/\/www.sincomam.org.br\/index.php\/wp-json\/wp\/v2\/tags?post=35302"}],"curies":[{"name":"wp","href":"https:\/\/api.w.org\/{rel}","templated":true}]}}