{"id":35294,"date":"2021-05-26T10:05:15","date_gmt":"2021-05-26T13:05:15","guid":{"rendered":"http:\/\/www.sincomam.org.br\/?p=35294"},"modified":"2021-05-26T11:24:05","modified_gmt":"2021-05-26T14:24:05","slug":"portuarios-devem-ser-vacinados-no-parana-contra-a-covid-19","status":"publish","type":"post","link":"https:\/\/www.sincomam.org.br\/index.php\/portuarios-devem-ser-vacinados-no-parana-contra-a-covid-19\/","title":{"rendered":"Portos do Paran\u00e1: portu\u00e1rios devem ser vacinados contra a Covid-19"},"content":{"rendered":"<p><em><strong>Empresa p\u00fablica refor\u00e7a que j\u00e1 investiu mais de R$ 11 milh\u00f5es no combate ao coronav\u00edrus<\/strong><\/em><\/p>\n<p>A empresa p\u00fablica Portos do Paran\u00e1 informou que os portu\u00e1rios est\u00e3o entre os outros grupos priorit\u00e1rios, pelo Plano Estadual de Vacina\u00e7\u00e3o contra a Covid-19. A categoria profissional receber\u00e1 as primeiras doses que chegam na 21\u00aa remessa de imunizantes que o Estado deve receber do Minist\u00e9rio da Sa\u00fade. Das mais 390.190 doses, a expectativa \u00e9 que 9.627 sejam destinadas ao grupo.<\/p>\n<p>Para o secret\u00e1rio de Estado de Infraestrutura e Log\u00edstica, Sandro Alex, a vacina\u00e7\u00e3o dos portu\u00e1rios \u00e9 uma decis\u00e3o muito importante diante da emin\u00eancia de uma nova cepa.<\/p>\n<p><em>\u201c\u00c9 importante que os trabalhadores se sintam seguros em seguir trabalhando e o Estado seguro com a continuidade da atividade\u201d, afirmou Sandro Alex.<\/em><\/p>\n<p>Segundo ele, o grupo de trabalhadores dos portos de Paranagu\u00e1 e Antonina envolve todas as categorias de Trabalhadores Portu\u00e1rios Avulsos (TPAs), empresas e ag\u00eancias mar\u00edtimas que atuam nos portos do Paran\u00e1.<\/p>\n<p>Estima-se que 13.545 trabalhadores estariam entre os portu\u00e1rios na expectativa da vacina. De acordo com a Secretaria de Estado da Sa\u00fade, as vacinas que vir\u00e3o nessa remessa s\u00e3o da parceria entre a Funda\u00e7\u00e3o Osvaldo Cruz (Fiocruz), AstraZeneca e Universidade de Oxford.<\/p>\n<p><strong>Orienta\u00e7\u00e3o nos portos<\/strong><\/p>\n<p>Desde que come\u00e7ou a pandemia a Portos do Paran\u00e1 vem tomando todas as precau\u00e7\u00f5es necess\u00e1rias, inclusive com barreiras sanit\u00e1rias de equipes m\u00e9dicas e de enfermagem, no acesso ao cais e no P\u00e1tio de Triagem, 24 horas.<\/p>\n<p>Os tripulantes dos navios seguem sem autoriza\u00e7\u00e3o para desembarcar nos portos paranaenses, a n\u00e3o ser para quest\u00f5es fundamentais como consultas m\u00e9dicas e odontol\u00f3gicas, quest\u00f5es legais e troca de tripula\u00e7\u00e3o.<\/p>\n<p>Foto: Claudio Neves\/Portos do Paran\u00e1<\/p>\n","protected":false},"excerpt":{"rendered":"<p>Empresa p\u00fablica refor\u00e7a que j\u00e1 investiu mais de R$ 11 milh\u00f5es no combate ao coronav\u00edrus A empresa p\u00fablica Portos do Paran\u00e1 informou que os portu\u00e1rios&#8230;<\/p>\n","protected":false},"author":1182,"featured_media":35296,"comment_status":"closed","ping_status":"closed","sticky":false,"template":"","format":"standard","meta":{"footnotes":""},"categories":[6],"tags":[1227,2752,2751,1181,187,69,303,4271,1140,674],"class_list":["post-35294","post","type-post","status-publish","format-standard","has-post-thumbnail","hentry","category-noticias","tag-antonina","tag-coronavirus","tag-covid-19","tag-grupo","tag-paranagua","tag-portos","tag-portuarios","tag-prioritario","tag-trabalhadores","tag-vacina"],"_links":{"self":[{"href":"https:\/\/www.sincomam.org.br\/index.php\/wp-json\/wp\/v2\/posts\/35294","targetHints":{"allow":["GET"]}}],"collection":[{"href":"https:\/\/www.sincomam.org.br\/index.php\/wp-json\/wp\/v2\/posts"}],"about":[{"href":"https:\/\/www.sincomam.org.br\/index.php\/wp-json\/wp\/v2\/types\/post"}],"author":[{"embeddable":true,"href":"https:\/\/www.sincomam.org.br\/index.php\/wp-json\/wp\/v2\/users\/1182"}],"replies":[{"embeddable":true,"href":"https:\/\/www.sincomam.org.br\/index.php\/wp-json\/wp\/v2\/comments?post=35294"}],"version-history":[{"count":3,"href":"https:\/\/www.sincomam.org.br\/index.php\/wp-json\/wp\/v2\/posts\/35294\/revisions"}],"predecessor-version":[{"id":35308,"href":"https:\/\/www.sincomam.org.br\/index.php\/wp-json\/wp\/v2\/posts\/35294\/revisions\/35308"}],"wp:featuredmedia":[{"embeddable":true,"href":"https:\/\/www.sincomam.org.br\/index.php\/wp-json\/wp\/v2\/media\/35296"}],"wp:attachment":[{"href":"https:\/\/www.sincomam.org.br\/index.php\/wp-json\/wp\/v2\/media?parent=35294"}],"wp:term":[{"taxonomy":"category","embeddable":true,"href":"https:\/\/www.sincomam.org.br\/index.php\/wp-json\/wp\/v2\/categories?post=35294"},{"taxonomy":"post_tag","embeddable":true,"href":"https:\/\/www.sincomam.org.br\/index.php\/wp-json\/wp\/v2\/tags?post=35294"}],"curies":[{"name":"wp","href":"https:\/\/api.w.org\/{rel}","templated":true}]}}