{"id":35286,"date":"2021-05-25T10:31:16","date_gmt":"2021-05-25T13:31:16","guid":{"rendered":"http:\/\/www.sincomam.org.br\/?p=35286"},"modified":"2021-05-25T10:31:16","modified_gmt":"2021-05-25T13:31:16","slug":"cerca-de-9-milhoes-de-pessoas-ainda-nao-enviaram-declaracao-do-ir","status":"publish","type":"post","link":"https:\/\/www.sincomam.org.br\/index.php\/cerca-de-9-milhoes-de-pessoas-ainda-nao-enviaram-declaracao-do-ir\/","title":{"rendered":"Cerca de 9 milh\u00f5es de pessoas ainda n\u00e3o enviaram declara\u00e7\u00e3o do IR"},"content":{"rendered":"<p><strong><em>Fisco espera receber 32,6 mi de declara\u00e7\u00f5es neste ano<\/em><\/strong><\/p>\n<p>A uma semana para o fim do prazo, cerca de 9 milh\u00f5es de contribuintes ainda n\u00e3o acertaram as contas com o Le\u00e3o. Segundo o balan\u00e7o mais recente, 23.535.609 contribuintes enviaram a Declara\u00e7\u00e3o do Imposto de Renda Pessoa F\u00edsica, 72,1% do previsto para este ano. Os n\u00fameros foram divulgados pela Receita Federal, com dados apurados at\u00e9 as 11h de ontem (24).<\/p>\n<p>Neste ano, o Fisco espera receber entre at\u00e9 32.619.749 declara\u00e7\u00f5es. No ano passado, foram enviadas 31.980.146 declara\u00e7\u00f5es. O prazo de entrega come\u00e7ou em 1\u00ba de mar\u00e7o e vai at\u00e9 as 23h59min59s de 31 de maio. A data limite foi adiada em um m\u00eas para suavizar as dificuldades no recolhimento de documentos impostas pela pandemia de covid-19.<\/p>\n<p>Em abril, a C\u00e2mara e o Senado aprovaram projeto de lei que adiaria novamente o prazo para 31 de julho, por causa do agravamento da pandemia. No entanto, o presidente Jair Bolsonaro vetou a proposta, ap\u00f3s recomenda\u00e7\u00e3o da Receita Federal.<\/p>\n<p>O programa para computador est\u00e1 dispon\u00edvel na p\u00e1gina da Receita Federal na internet. Quem perder o prazo de envio ter\u00e1 de pagar multa de R$ 165,74 ou 1% do imposto devido, prevalecendo o maior valor.<\/p>\n<p>A entrega \u00e9 obrigat\u00f3ria para quem recebeu acima de R$ 28.559,70 em rendimentos tribut\u00e1veis em 2020. Isso equivale a um sal\u00e1rio acima de R$ 1.903,98, inclu\u00eddo o d\u00e9cimo terceiro.<\/p>\n<p>Tamb\u00e9m dever\u00e1 entregar a declara\u00e7\u00e3o quem tenha recebido rendimentos isentos acima de R$ 40 mil em 2020, quem tenha obtido ganho de capital na venda de bens ou realizou opera\u00e7\u00f5es de qualquer tipo na Bolsa de Valores, quem tenha patrim\u00f4nio acima de R$ 300 mil at\u00e9 31 de dezembro do ano passado e quem optou pela isen\u00e7\u00e3o de imposto de venda de um im\u00f3vel residencial para a compra de um outro im\u00f3vel em at\u00e9 180 dias.<\/p>\n<p><strong>Restitui\u00e7\u00e3o<\/strong><\/p>\n<p>Pelas estimativas da Receita Federal, 60% das declara\u00e7\u00f5es ter\u00e3o restitui\u00e7\u00e3o de imposto, 21% n\u00e3o ter\u00e3o imposto a pagar nem a restituir e 19% ter\u00e3o imposto a pagar.<\/p>\n<p>Assim como no ano passado, ser\u00e3o pagos cinco lotes de restitui\u00e7\u00e3o. Os reembolsos ser\u00e3o distribu\u00eddos nas seguintes datas: 31 de maio (primeiro lote), 30 de junho (segundo lote), 30 de julho (terceiro lote), 31 de agosto (quarto lote) e 30 de setembro (quinto lote). As datas n\u00e3o mudaram, mesmo com o adiamento do prazo de entrega da declara\u00e7\u00e3o.<\/p>\n<p><strong>Novidades<\/strong><\/p>\n<p>Entre as principais novidades nas regras deste ano, est\u00e1 a obrigatoriedade de declarar o aux\u00edlio emergencial de quem recebeu mais de R$ 22.847,76 em outros rendimentos tribut\u00e1veis e a cria\u00e7\u00e3o de tr\u00eas campos na ficha \u201cBens e direitos\u201d para o contribuinte informar criptomoedas e outros ativos eletr\u00f4nicos.<\/p>\n<p>O prazo para as empresas, os bancos e as demais institui\u00e7\u00f5es financeiras e os planos de sa\u00fade fornecerem os comprovantes de rendimentos acabou no fim de fevereiro. O contribuinte tamb\u00e9m deve juntar recibos, no caso de alugu\u00e9is, de pens\u00f5es, de presta\u00e7\u00f5es de servi\u00e7os, e notas fiscais, usadas para comprovar dedu\u00e7\u00f5es.<\/p>\n<p>Fonte: Ag\u00eancia Brasil<\/p>\n<p>Foto: Marcello Casal Jr\/Ag\u00eancia Brasil<\/p>\n","protected":false},"excerpt":{"rendered":"<p>Fisco espera receber 32,6 mi de declara\u00e7\u00f5es neste ano A uma semana para o fim do prazo, cerca de 9 milh\u00f5es de contribuintes ainda n\u00e3o&#8230;<\/p>\n","protected":false},"author":1182,"featured_media":35287,"comment_status":"closed","ping_status":"closed","sticky":false,"template":"","format":"standard","meta":{"footnotes":""},"categories":[6],"tags":[546,545,203,852,215,216],"class_list":["post-35286","post","type-post","status-publish","format-standard","has-post-thumbnail","hentry","category-noticias","tag-declaracao","tag-fisco","tag-imposto-de-renda","tag-prazo","tag-receita-federal","tag-restituicao"],"_links":{"self":[{"href":"https:\/\/www.sincomam.org.br\/index.php\/wp-json\/wp\/v2\/posts\/35286","targetHints":{"allow":["GET"]}}],"collection":[{"href":"https:\/\/www.sincomam.org.br\/index.php\/wp-json\/wp\/v2\/posts"}],"about":[{"href":"https:\/\/www.sincomam.org.br\/index.php\/wp-json\/wp\/v2\/types\/post"}],"author":[{"embeddable":true,"href":"https:\/\/www.sincomam.org.br\/index.php\/wp-json\/wp\/v2\/users\/1182"}],"replies":[{"embeddable":true,"href":"https:\/\/www.sincomam.org.br\/index.php\/wp-json\/wp\/v2\/comments?post=35286"}],"version-history":[{"count":1,"href":"https:\/\/www.sincomam.org.br\/index.php\/wp-json\/wp\/v2\/posts\/35286\/revisions"}],"predecessor-version":[{"id":35288,"href":"https:\/\/www.sincomam.org.br\/index.php\/wp-json\/wp\/v2\/posts\/35286\/revisions\/35288"}],"wp:featuredmedia":[{"embeddable":true,"href":"https:\/\/www.sincomam.org.br\/index.php\/wp-json\/wp\/v2\/media\/35287"}],"wp:attachment":[{"href":"https:\/\/www.sincomam.org.br\/index.php\/wp-json\/wp\/v2\/media?parent=35286"}],"wp:term":[{"taxonomy":"category","embeddable":true,"href":"https:\/\/www.sincomam.org.br\/index.php\/wp-json\/wp\/v2\/categories?post=35286"},{"taxonomy":"post_tag","embeddable":true,"href":"https:\/\/www.sincomam.org.br\/index.php\/wp-json\/wp\/v2\/tags?post=35286"}],"curies":[{"name":"wp","href":"https:\/\/api.w.org\/{rel}","templated":true}]}}