{"id":35279,"date":"2021-05-25T09:50:25","date_gmt":"2021-05-25T12:50:25","guid":{"rendered":"http:\/\/www.sincomam.org.br\/?p=35279"},"modified":"2021-05-25T09:50:25","modified_gmt":"2021-05-25T12:50:25","slug":"inss-paga-hoje-1a-parcela-antecipada-do-13o-de-aposentados-e-pensionistas","status":"publish","type":"post","link":"https:\/\/www.sincomam.org.br\/index.php\/inss-paga-hoje-1a-parcela-antecipada-do-13o-de-aposentados-e-pensionistas\/","title":{"rendered":"INSS paga hoje 1\u00aa parcela antecipada do 13\u00ba de aposentados e pensionistas"},"content":{"rendered":"<p><strong><em>Pagamento do 13\u00ba antecipado varia conforme o valor e o n\u00famero final do benef\u00edcio<\/em><\/strong><\/p>\n<p>O 13\u00ba sal\u00e1rio de aposentados e pensionistas do INSS foi antecipado em tr\u00eas meses por causa da crise econ\u00f4mica do coronav\u00edrus. O pagamento ser\u00e1 feito em duas parcelas. A primeira come\u00e7a a ser paga nesta ter\u00e7a-feira (25) e vai at\u00e9 8 de junho.<\/p>\n<p>O 13\u00ba dos aposentados normalmente \u00e9 pago entre agosto e setembro. As datas da antecipa\u00e7\u00e3o variam conforme o valor da aposentadoria e o n\u00famero final do benef\u00edcio. O pagamento nesta ter\u00e7a \u00e9 para quem recebe um sal\u00e1rio m\u00ednimo e tem o n\u00famero 1 como final do benef\u00edcio.<\/p>\n<p>Nos pr\u00f3ximos dias, ser\u00e1 pago o 13\u00ba para quem tem outros n\u00fameros no final do benef\u00edcio (final 2 na quarta, final 3 na quinta-feira e assim por diante).<\/p>\n<p>Para quem recebe acima de um sal\u00e1rio m\u00ednimo, o pagamento come\u00e7a em 1\u00ba de junho. A segunda parcela do 13\u00ba antecipado ser\u00e1 paga entre 24 de junho e 7 de julho.<\/p>\n<p><strong>Veja a seguir o calend\u00e1rio de pagamento da primeira parcela:<\/strong><\/p>\n<p>Para quem ganha at\u00e9 um sal\u00e1rio m\u00ednimo<\/p>\n<ul>\n<li>Final 1 &#8211; 25\/5<\/li>\n<li>Final 2 &#8211; 26\/5<\/li>\n<li>Final 3 &#8211; 27\/5<\/li>\n<li>Final 4 &#8211; 28\/5<\/li>\n<li>Final 5 &#8211; 31\/5<\/li>\n<li>Final 6 &#8211; 1\u00ba\/6<\/li>\n<li>Final 7 &#8211; 2\/6<\/li>\n<li>Final 8 &#8211; 4\/6<\/li>\n<li>Final 9 &#8211; 7\/6<\/li>\n<li>Final 0 &#8211; 8\/6<\/li>\n<\/ul>\n<p>Para quem ganha mais de um sal\u00e1rio m\u00ednimo<\/p>\n<ul>\n<li>Final 1 e 6 &#8211; 1\u00ba\/6<\/li>\n<li>Final 2 e 7 &#8211; 2\/6<\/li>\n<li>Final 3 e 8 &#8211; 4\/6<\/li>\n<li>Final 4 e 9 &#8211; 7\/6<\/li>\n<li>Final 5 e 0 &#8211; 8\/6<\/li>\n<\/ul>\n<p>Fonte: UOL Economia<\/p>\n","protected":false},"excerpt":{"rendered":"<p>Pagamento do 13\u00ba antecipado varia conforme o valor e o n\u00famero final do benef\u00edcio O 13\u00ba sal\u00e1rio de aposentados e pensionistas do INSS foi antecipado&#8230;<\/p>\n","protected":false},"author":1182,"featured_media":31564,"comment_status":"closed","ping_status":"closed","sticky":false,"template":"","format":"standard","meta":{"footnotes":""},"categories":[6],"tags":[3030,3236,4365,2377,2817,1839,204,4636,419,2920],"class_list":["post-35279","post","type-post","status-publish","format-standard","has-post-thumbnail","hentry","category-noticias","tag-13o-salario","tag-antecipacao","tag-aposentado","tag-beneficio","tag-calendario","tag-inss","tag-pagamento","tag-pensionista","tag-previdencia-social","tag-valor"],"_links":{"self":[{"href":"https:\/\/www.sincomam.org.br\/index.php\/wp-json\/wp\/v2\/posts\/35279","targetHints":{"allow":["GET"]}}],"collection":[{"href":"https:\/\/www.sincomam.org.br\/index.php\/wp-json\/wp\/v2\/posts"}],"about":[{"href":"https:\/\/www.sincomam.org.br\/index.php\/wp-json\/wp\/v2\/types\/post"}],"author":[{"embeddable":true,"href":"https:\/\/www.sincomam.org.br\/index.php\/wp-json\/wp\/v2\/users\/1182"}],"replies":[{"embeddable":true,"href":"https:\/\/www.sincomam.org.br\/index.php\/wp-json\/wp\/v2\/comments?post=35279"}],"version-history":[{"count":1,"href":"https:\/\/www.sincomam.org.br\/index.php\/wp-json\/wp\/v2\/posts\/35279\/revisions"}],"predecessor-version":[{"id":35280,"href":"https:\/\/www.sincomam.org.br\/index.php\/wp-json\/wp\/v2\/posts\/35279\/revisions\/35280"}],"wp:featuredmedia":[{"embeddable":true,"href":"https:\/\/www.sincomam.org.br\/index.php\/wp-json\/wp\/v2\/media\/31564"}],"wp:attachment":[{"href":"https:\/\/www.sincomam.org.br\/index.php\/wp-json\/wp\/v2\/media?parent=35279"}],"wp:term":[{"taxonomy":"category","embeddable":true,"href":"https:\/\/www.sincomam.org.br\/index.php\/wp-json\/wp\/v2\/categories?post=35279"},{"taxonomy":"post_tag","embeddable":true,"href":"https:\/\/www.sincomam.org.br\/index.php\/wp-json\/wp\/v2\/tags?post=35279"}],"curies":[{"name":"wp","href":"https:\/\/api.w.org\/{rel}","templated":true}]}}