{"id":35273,"date":"2021-05-24T14:11:09","date_gmt":"2021-05-24T17:11:09","guid":{"rendered":"http:\/\/www.sincomam.org.br\/?p=35273"},"modified":"2021-05-24T14:12:53","modified_gmt":"2021-05-24T17:12:53","slug":"governo-inicia-vacinacao-de-trabalhadores-portuarios-nesta-semana","status":"publish","type":"post","link":"https:\/\/www.sincomam.org.br\/index.php\/governo-inicia-vacinacao-de-trabalhadores-portuarios-nesta-semana\/","title":{"rendered":"Governo inicia vacina\u00e7\u00e3o de trabalhadores portu\u00e1rios nesta semana"},"content":{"rendered":"<p><strong><em>Minist\u00e9rio da Infraestrutura informou que doses ser\u00e3o aplicadas em todo o Brasil<\/em><\/strong><\/p>\n<p>O ministro da Infraestrutura, Tarc\u00edsio Gomes de Freitas, garantiu neste domingo (23) a inclus\u00e3o da categoria dos portu\u00e1rios no grupo priorit\u00e1rio do Plano Nacional de Imuniza\u00e7\u00e3o (PNI) do Governo Federal. Com a decis\u00e3o, a expectativa \u00e9 que os trabalhadores comecem a ser imunizados nos pr\u00f3ximos dias.<\/p>\n<p><em>\u201cAs primeiras doses come\u00e7ar\u00e3o a ser distribu\u00eddas (aos estados) nesta ter\u00e7a-feira (25) e a\u00ed teremos condi\u00e7\u00f5es de dar in\u00edcio a essa vacina\u00e7\u00e3o\u201d, afirmou o ministro. Na semana passada, Tarc\u00edsio se reuniu com o ministro da Sa\u00fade, Marcelo Queiroga, para tratar da inclus\u00e3o e dos passos seguintes.<\/em><\/p>\n<p>Cabe ao Governo Federal, dentro do PNI, adquirir as vacinas contra a covid-19, definir quem faz parte dos grupos priorit\u00e1rios e enviar os imunizantes \u00e0s unidades da federa\u00e7\u00e3o. Estados e munic\u00edpios, ent\u00e3o, promovem a vacina\u00e7\u00e3o.<\/p>\n<p>De acordo com o Minist\u00e9rio da Sa\u00fade, tamb\u00e9m est\u00e3o previstas testagens em todos os portos e aeroportos, visando a prote\u00e7\u00e3o dos trabalhadores e preven\u00e7\u00e3o quanto a novas cepas da covid-19.<\/p>\n<p><em>\u201cVamos continuar trabalhando para garantir a seguran\u00e7a e a prote\u00e7\u00e3o dos portu\u00e1rios\u201d, completou Tarc\u00edsio de Freitas.<\/em><\/p>\n<p>*Com informa\u00e7\u00f5es do MInfra<\/p>\n","protected":false},"excerpt":{"rendered":"<p>Minist\u00e9rio da Infraestrutura informou que doses ser\u00e3o aplicadas em todo o Brasil O ministro da Infraestrutura, Tarc\u00edsio Gomes de Freitas, garantiu neste domingo (23) a&#8230;<\/p>\n","protected":false},"author":1182,"featured_media":30124,"comment_status":"closed","ping_status":"closed","sticky":false,"template":"","format":"standard","meta":{"footnotes":""},"categories":[6],"tags":[3236,2752,2751,414,3182,1460,1756,69,1026,1538,674],"class_list":["post-35273","post","type-post","status-publish","format-standard","has-post-thumbnail","hentry","category-noticias","tag-antecipacao","tag-coronavirus","tag-covid-19","tag-governo-federal","tag-imunizacao","tag-infectados","tag-morte","tag-portos","tag-portuario","tag-trabalhador","tag-vacina"],"_links":{"self":[{"href":"https:\/\/www.sincomam.org.br\/index.php\/wp-json\/wp\/v2\/posts\/35273","targetHints":{"allow":["GET"]}}],"collection":[{"href":"https:\/\/www.sincomam.org.br\/index.php\/wp-json\/wp\/v2\/posts"}],"about":[{"href":"https:\/\/www.sincomam.org.br\/index.php\/wp-json\/wp\/v2\/types\/post"}],"author":[{"embeddable":true,"href":"https:\/\/www.sincomam.org.br\/index.php\/wp-json\/wp\/v2\/users\/1182"}],"replies":[{"embeddable":true,"href":"https:\/\/www.sincomam.org.br\/index.php\/wp-json\/wp\/v2\/comments?post=35273"}],"version-history":[{"count":1,"href":"https:\/\/www.sincomam.org.br\/index.php\/wp-json\/wp\/v2\/posts\/35273\/revisions"}],"predecessor-version":[{"id":35274,"href":"https:\/\/www.sincomam.org.br\/index.php\/wp-json\/wp\/v2\/posts\/35273\/revisions\/35274"}],"wp:featuredmedia":[{"embeddable":true,"href":"https:\/\/www.sincomam.org.br\/index.php\/wp-json\/wp\/v2\/media\/30124"}],"wp:attachment":[{"href":"https:\/\/www.sincomam.org.br\/index.php\/wp-json\/wp\/v2\/media?parent=35273"}],"wp:term":[{"taxonomy":"category","embeddable":true,"href":"https:\/\/www.sincomam.org.br\/index.php\/wp-json\/wp\/v2\/categories?post=35273"},{"taxonomy":"post_tag","embeddable":true,"href":"https:\/\/www.sincomam.org.br\/index.php\/wp-json\/wp\/v2\/tags?post=35273"}],"curies":[{"name":"wp","href":"https:\/\/api.w.org\/{rel}","templated":true}]}}