{"id":35268,"date":"2021-05-24T12:00:03","date_gmt":"2021-05-24T15:00:03","guid":{"rendered":"http:\/\/www.sincomam.org.br\/?p=35268"},"modified":"2021-05-24T12:00:03","modified_gmt":"2021-05-24T15:00:03","slug":"recadastramento-de-aposentados-e-suspenso-ate-30-de-junho","status":"publish","type":"post","link":"https:\/\/www.sincomam.org.br\/index.php\/recadastramento-de-aposentados-e-suspenso-ate-30-de-junho\/","title":{"rendered":"Recadastramento de aposentados \u00e9 suspenso at\u00e9 30 de junho"},"content":{"rendered":"<p><strong><em>Est\u00e3o suspensas tamb\u00e9m as visitas t\u00e9cnicas para comprova\u00e7\u00e3o de vida<\/em><\/strong><\/p>\n<p>O Minist\u00e9rio da Economia publicou, no Di\u00e1rio Oficial da Uni\u00e3o de hoje (24), uma instru\u00e7\u00e3o normativa que suspende at\u00e9 30 de junho a exig\u00eancia de recadastramento anual de aposentados, pensionistas e anistiados pol\u00edticos civis. De acordo com a Instru\u00e7\u00e3o Normativa n\u00ba53, est\u00e1 suspensa tamb\u00e9m a realiza\u00e7\u00e3o de visitas t\u00e9cnicas para comprova\u00e7\u00e3o de vida.<\/p>\n<p>A suspens\u00e3o dessa exig\u00eancia \u00e9 uma das medidas de prote\u00e7\u00e3o previstas para o enfrentamento \u00e0 pandemia, entre as orienta\u00e7\u00f5es dirigidas a \u00f3rg\u00e3os e entidades do Sistema de Pessoal da Administra\u00e7\u00e3o P\u00fablica Federal. O Minist\u00e9rio da Economia ressalta que essa suspens\u00e3o n\u00e3o se aplica ao recadastramento de aposentados pensionistas ou anistiados pol\u00edticos cujos pagamentos j\u00e1 estejam suspensos.<\/p>\n<p>Encerrado o prazo citado pela instru\u00e7\u00e3o, os benefici\u00e1rios que tiverem sido dispensados da realiza\u00e7\u00e3o de comprova\u00e7\u00e3o de vida durante o per\u00edodo de suspens\u00e3o \u201cdever\u00e3o realizar o recadastramento anual nos termos de que trata a Portaria n\u00ba 244, de 2020, e a Instru\u00e7\u00e3o Normativa n\u00ba 45, de 2020\u201d, detalha o documento.<\/p>\n<p>As Unidades de Gest\u00e3o de Pessoas dos \u00f3rg\u00e3os do Sistema de Pessoal Civil da Administra\u00e7\u00e3o Federal (Sipec) poder\u00e3o, durante o per\u00edodo de suspens\u00e3o, receber solicita\u00e7\u00f5es de restabelecimento excepcional dos pagamentos de proventos e pens\u00f5es suspensos dos aposentados, pensionistas ou anistiados pol\u00edtico.<\/p>\n<p>Encerrado o per\u00edodo de suspens\u00e3o da exig\u00eancia de recadastramento, o benefici\u00e1rio dever\u00e1 realizar a comprova\u00e7\u00e3o de vida para continuidade do pagamento de proventos e pens\u00f5es e recebimento de eventuais retroativos.<\/p>\n<p>Fonte: Ag\u00eancia Brasil<\/p>\n<p>Foto: divulga\u00e7\u00e3o<\/p>\n","protected":false},"excerpt":{"rendered":"<p>Est\u00e3o suspensas tamb\u00e9m as visitas t\u00e9cnicas para comprova\u00e7\u00e3o de vida O Minist\u00e9rio da Economia publicou, no Di\u00e1rio Oficial da Uni\u00e3o de hoje (24), uma instru\u00e7\u00e3o&#8230;<\/p>\n","protected":false},"author":1182,"featured_media":20357,"comment_status":"closed","ping_status":"closed","sticky":false,"template":"","format":"standard","meta":{"footnotes":""},"categories":[1],"tags":[4365,3000,3910,2296,517],"class_list":["post-35268","post","type-post","status-publish","format-standard","has-post-thumbnail","hentry","category-sem-categoria","tag-aposentado","tag-junho","tag-ministerio-da-economia","tag-recadastramento","tag-suspensao"],"_links":{"self":[{"href":"https:\/\/www.sincomam.org.br\/index.php\/wp-json\/wp\/v2\/posts\/35268","targetHints":{"allow":["GET"]}}],"collection":[{"href":"https:\/\/www.sincomam.org.br\/index.php\/wp-json\/wp\/v2\/posts"}],"about":[{"href":"https:\/\/www.sincomam.org.br\/index.php\/wp-json\/wp\/v2\/types\/post"}],"author":[{"embeddable":true,"href":"https:\/\/www.sincomam.org.br\/index.php\/wp-json\/wp\/v2\/users\/1182"}],"replies":[{"embeddable":true,"href":"https:\/\/www.sincomam.org.br\/index.php\/wp-json\/wp\/v2\/comments?post=35268"}],"version-history":[{"count":1,"href":"https:\/\/www.sincomam.org.br\/index.php\/wp-json\/wp\/v2\/posts\/35268\/revisions"}],"predecessor-version":[{"id":35269,"href":"https:\/\/www.sincomam.org.br\/index.php\/wp-json\/wp\/v2\/posts\/35268\/revisions\/35269"}],"wp:featuredmedia":[{"embeddable":true,"href":"https:\/\/www.sincomam.org.br\/index.php\/wp-json\/wp\/v2\/media\/20357"}],"wp:attachment":[{"href":"https:\/\/www.sincomam.org.br\/index.php\/wp-json\/wp\/v2\/media?parent=35268"}],"wp:term":[{"taxonomy":"category","embeddable":true,"href":"https:\/\/www.sincomam.org.br\/index.php\/wp-json\/wp\/v2\/categories?post=35268"},{"taxonomy":"post_tag","embeddable":true,"href":"https:\/\/www.sincomam.org.br\/index.php\/wp-json\/wp\/v2\/tags?post=35268"}],"curies":[{"name":"wp","href":"https:\/\/api.w.org\/{rel}","templated":true}]}}