{"id":35253,"date":"2021-05-21T18:21:00","date_gmt":"2021-05-21T21:21:00","guid":{"rendered":"http:\/\/www.sincomam.org.br\/?p=35253"},"modified":"2021-05-21T18:21:00","modified_gmt":"2021-05-21T21:21:00","slug":"antaq-aprova-contribuicoes-para-licitar-terminais-nos-portos-de-fortaleza-e-suape","status":"publish","type":"post","link":"https:\/\/www.sincomam.org.br\/index.php\/antaq-aprova-contribuicoes-para-licitar-terminais-nos-portos-de-fortaleza-e-suape\/","title":{"rendered":"ANTAQ aprova contribui\u00e7\u00f5es para licitar terminais nos portos de Fortaleza e Suape"},"content":{"rendered":"<p><strong><em>Os ac\u00f3rd\u00e3os aprovando as contribui\u00e7\u00f5es realizadas durante as consultas\/audi\u00eancias p\u00fablicas N\u00ba 05\/2021 (\u00e1rea do Porto de Suape\/PE) e N\u00ba 06\/2021 (\u00e1rea do Porto de Fortaleza\/CE) foram publicados na edi\u00e7\u00e3o desta ter\u00e7a-feira (18) do Di\u00e1rio Oficial da Uni\u00e3o, Se\u00e7\u00e3o 1<\/em><\/strong><\/p>\n<p>Ag\u00eancia Nacional de Transportes Aquavi\u00e1rios &#8211; ANTAQ aprovou a an\u00e1lise das contribui\u00e7\u00f5es das audi\u00eancias p\u00fablicas relativas aos documentos t\u00e9cnicos e jur\u00eddicos dos processos licitat\u00f3rios das \u00e1reas MUC59, destinada \u00e0 movimenta\u00e7\u00e3o e armazenagem de granel l\u00edquido combust\u00edvel, especialmente nafta, no Porto Organizado de Fortaleza\/CE, e\u00a0 SUA07, dedicada \u00e0 movimenta\u00e7\u00e3o e armazenagem de gran\u00e9is vegetais, gran\u00e9is minerais e carga geral, localizada no Complexo Industrial Portu\u00e1rio Governador Eraldo Gueiros \/ Porto de Suape\/PE.<\/p>\n<p>Agora, os documentos ser\u00e3o encaminhados ao Minist\u00e9rio da Infraestrutura para realiza\u00e7\u00e3o dos ajustes nos estudos e nas minutas do edital e contrato de arrendamento, e posterior remessa ao Tribunal de Contas da Uni\u00e3o (TCU). Os autos tamb\u00e9m ser\u00e3o encaminhados para a Comiss\u00e3o Permanente de Licita\u00e7\u00e3o de Arrendamentos Portu\u00e1rios da ANTAQ (CPLA) para consolida\u00e7\u00e3o dos documentos pertinentes e ado\u00e7\u00e3o das provid\u00eancias subsequentes.<\/p>\n<p><strong>As \u00e1reas<\/strong><\/p>\n<p>De acordo com os estudos iniciais, a \u00e1rea MUC59, localizada no Porto de Fortaleza, possui 25.628m2. O prazo previsto para o contrato \u00e9 de 15 anos, gerando uma receita bruta global de R$ 575,8 milh\u00f5es. Os futuros arrendat\u00e1rios dever\u00e3o investir R$ 119,9 milh\u00f5es no terminal ao longo do contrato. A movimenta\u00e7\u00e3o total estimada \u00e9 de 6,8 milh\u00f5es de toneladas.<\/p>\n<p>J\u00e1 para a \u00e1rea SUA07, localizada no Porto de Suape (PE), a receita bruta global \u00e9 de cerca de R$ 1,1bilh\u00e3o, tamb\u00e9m segundo os estudos iniciais. O terminal possui 72.542m2 de \u00e1rea. Os futuros arrendat\u00e1rios dever\u00e3o investir R$ 84,5 milh\u00f5es ao longo dos 25 anos do contrato. A movimenta\u00e7\u00e3o total estimada do terminal \u00e9 de cerca de 22 milh\u00f5es de toneladas.<\/p>\n<p>Fonte: Antaq<\/p>\n<p>Foto: divulga\u00e7\u00e3o fachada pr\u00e9dio Antaq<\/p>\n","protected":false},"excerpt":{"rendered":"<p>Os ac\u00f3rd\u00e3os aprovando as contribui\u00e7\u00f5es realizadas durante as consultas\/audi\u00eancias p\u00fablicas N\u00ba 05\/2021 (\u00e1rea do Porto de Suape\/PE) e N\u00ba 06\/2021 (\u00e1rea do Porto de Fortaleza\/CE)&#8230;<\/p>\n","protected":false},"author":1182,"featured_media":20206,"comment_status":"closed","ping_status":"closed","sticky":false,"template":"","format":"standard","meta":{"footnotes":""},"categories":[6],"tags":[301,3125,348,69,614,656],"class_list":["post-35253","post","type-post","status-publish","format-standard","has-post-thumbnail","hentry","category-noticias","tag-antaq","tag-contribuicao","tag-fortaleza","tag-portos","tag-suape","tag-terminal"],"_links":{"self":[{"href":"https:\/\/www.sincomam.org.br\/index.php\/wp-json\/wp\/v2\/posts\/35253","targetHints":{"allow":["GET"]}}],"collection":[{"href":"https:\/\/www.sincomam.org.br\/index.php\/wp-json\/wp\/v2\/posts"}],"about":[{"href":"https:\/\/www.sincomam.org.br\/index.php\/wp-json\/wp\/v2\/types\/post"}],"author":[{"embeddable":true,"href":"https:\/\/www.sincomam.org.br\/index.php\/wp-json\/wp\/v2\/users\/1182"}],"replies":[{"embeddable":true,"href":"https:\/\/www.sincomam.org.br\/index.php\/wp-json\/wp\/v2\/comments?post=35253"}],"version-history":[{"count":1,"href":"https:\/\/www.sincomam.org.br\/index.php\/wp-json\/wp\/v2\/posts\/35253\/revisions"}],"predecessor-version":[{"id":35254,"href":"https:\/\/www.sincomam.org.br\/index.php\/wp-json\/wp\/v2\/posts\/35253\/revisions\/35254"}],"wp:featuredmedia":[{"embeddable":true,"href":"https:\/\/www.sincomam.org.br\/index.php\/wp-json\/wp\/v2\/media\/20206"}],"wp:attachment":[{"href":"https:\/\/www.sincomam.org.br\/index.php\/wp-json\/wp\/v2\/media?parent=35253"}],"wp:term":[{"taxonomy":"category","embeddable":true,"href":"https:\/\/www.sincomam.org.br\/index.php\/wp-json\/wp\/v2\/categories?post=35253"},{"taxonomy":"post_tag","embeddable":true,"href":"https:\/\/www.sincomam.org.br\/index.php\/wp-json\/wp\/v2\/tags?post=35253"}],"curies":[{"name":"wp","href":"https:\/\/api.w.org\/{rel}","templated":true}]}}