{"id":35236,"date":"2021-05-21T11:53:23","date_gmt":"2021-05-21T14:53:23","guid":{"rendered":"http:\/\/www.sincomam.org.br\/?p=35236"},"modified":"2021-05-21T14:45:18","modified_gmt":"2021-05-21T17:45:18","slug":"inss-antecipara-r-253-bilhoes-de-decimo-terceiro","status":"publish","type":"post","link":"https:\/\/www.sincomam.org.br\/index.php\/inss-antecipara-r-253-bilhoes-de-decimo-terceiro\/","title":{"rendered":"INSS antecipar\u00e1 R$ 25,3 bilh\u00f5es de d\u00e9cimo terceiro"},"content":{"rendered":"<p><strong><em>No total s\u00e3o 31 milh\u00f5es de benef\u00edcios pagos pelo instituto que ser\u00e3o creditados com o 13\u00ba; primeira parcela come\u00e7ar\u00e1 a ser depositada no dia 25 de maio<\/em><\/strong><\/p>\n<p>Em todo o pa\u00eds, 31 milh\u00f5es de benef\u00edcios do Instituto Nacional do Seguro Social (INSS) ser\u00e3o depositados, neste m\u00eas, com a primeira parcela do 13\u00ba sal\u00e1rio \u2013 o equivalente a R$ 25,3 bilh\u00f5es. A antecipa\u00e7\u00e3o ser\u00e1 creditada junto com os benef\u00edcios relativos a maio, a partir do pr\u00f3ximo dia 25.<\/p>\n<p>Considerando todos os 36 milh\u00f5es de benef\u00edcios \u2013 inclusive os assistenciais e as antecipa\u00e7\u00f5es \u2013 a folha de pagamento de maio do INSS injetar\u00e1 na economia R$ 76,3 bilh\u00f5es. Os dep\u00f3sitos ser\u00e3o realizados at\u00e9 o dia 8 de junho.<\/p>\n<p>Para aqueles que recebem um sal\u00e1rio m\u00ednimo, o dep\u00f3sito da antecipa\u00e7\u00e3o ser\u00e1 feito entre os dias 25 de maio e 8 de junho, de acordo com o n\u00famero final do benef\u00edcio, sem levar em conta o d\u00edgito verificador. Segurados com renda mensal acima do piso nacional ter\u00e3o seus pagamentos creditados entre 1\u00ba e 8 de maio.<\/p>\n<p>Por lei, tem direito ao 13\u00ba sal\u00e1rio quem, durante o ano, recebeu benef\u00edcio previdenci\u00e1rio de aposentadoria, pens\u00e3o por morte, aux\u00edlio-doen\u00e7a, aux\u00edlio-acidente ou aux\u00edlio-reclus\u00e3o. Na hip\u00f3tese de cessa\u00e7\u00e3o programada do benef\u00edcio, prevista antes de 31 de dezembro de 2021, ser\u00e1 pago o valor proporcional do abono anual ao benefici\u00e1rio.<\/p>\n<p>Aqueles que recebem benef\u00edcios assistenciais, tais como Benef\u00edcio de Presta\u00e7\u00e3o Continuada da Lei Org\u00e2nica da Assist\u00eancia Social (BPC\/Loas) e Renda Mensal Vital\u00edcia (RMV), n\u00e3o t\u00eam direito ao abono anual.<\/p>\n<p>Fonte: Minist\u00e9rio da Economia<\/p>\n","protected":false},"excerpt":{"rendered":"<p>No total s\u00e3o 31 milh\u00f5es de benef\u00edcios pagos pelo instituto que ser\u00e3o creditados com o 13\u00ba; primeira parcela come\u00e7ar\u00e1 a ser depositada no dia 25&#8230;<\/p>\n","protected":false},"author":1182,"featured_media":20357,"comment_status":"closed","ping_status":"closed","sticky":false,"template":"","format":"standard","meta":{"footnotes":""},"categories":[6],"tags":[3236,2751,4732,1839,2755,403,443],"class_list":["post-35236","post","type-post","status-publish","format-standard","has-post-thumbnail","hentry","category-noticias","tag-antecipacao","tag-covid-19","tag-decimo","tag-inss","tag-pandemia","tag-salario","tag-terceiro"],"_links":{"self":[{"href":"https:\/\/www.sincomam.org.br\/index.php\/wp-json\/wp\/v2\/posts\/35236","targetHints":{"allow":["GET"]}}],"collection":[{"href":"https:\/\/www.sincomam.org.br\/index.php\/wp-json\/wp\/v2\/posts"}],"about":[{"href":"https:\/\/www.sincomam.org.br\/index.php\/wp-json\/wp\/v2\/types\/post"}],"author":[{"embeddable":true,"href":"https:\/\/www.sincomam.org.br\/index.php\/wp-json\/wp\/v2\/users\/1182"}],"replies":[{"embeddable":true,"href":"https:\/\/www.sincomam.org.br\/index.php\/wp-json\/wp\/v2\/comments?post=35236"}],"version-history":[{"count":1,"href":"https:\/\/www.sincomam.org.br\/index.php\/wp-json\/wp\/v2\/posts\/35236\/revisions"}],"predecessor-version":[{"id":35237,"href":"https:\/\/www.sincomam.org.br\/index.php\/wp-json\/wp\/v2\/posts\/35236\/revisions\/35237"}],"wp:featuredmedia":[{"embeddable":true,"href":"https:\/\/www.sincomam.org.br\/index.php\/wp-json\/wp\/v2\/media\/20357"}],"wp:attachment":[{"href":"https:\/\/www.sincomam.org.br\/index.php\/wp-json\/wp\/v2\/media?parent=35236"}],"wp:term":[{"taxonomy":"category","embeddable":true,"href":"https:\/\/www.sincomam.org.br\/index.php\/wp-json\/wp\/v2\/categories?post=35236"},{"taxonomy":"post_tag","embeddable":true,"href":"https:\/\/www.sincomam.org.br\/index.php\/wp-json\/wp\/v2\/tags?post=35236"}],"curies":[{"name":"wp","href":"https:\/\/api.w.org\/{rel}","templated":true}]}}