{"id":35228,"date":"2021-05-20T11:41:17","date_gmt":"2021-05-20T14:41:17","guid":{"rendered":"http:\/\/www.sincomam.org.br\/?p=35228"},"modified":"2021-05-20T11:41:17","modified_gmt":"2021-05-20T14:41:17","slug":"antaq-realizara-audiencia-virtual-sobre-licitacao-de-area-no-porto-de-santos-em-1o-de-junho","status":"publish","type":"post","link":"https:\/\/www.sincomam.org.br\/index.php\/antaq-realizara-audiencia-virtual-sobre-licitacao-de-area-no-porto-de-santos-em-1o-de-junho\/","title":{"rendered":"ANTAQ realizar\u00e1 audi\u00eancia virtual sobre licita\u00e7\u00e3o de \u00e1rea no Porto de Santos em 1\u00ba de junho"},"content":{"rendered":"<p>A ANTAQ estabeleceu que a audi\u00eancia p\u00fablica presencial prevista no \u00e2mbito do Aviso de Audi\u00eancia P\u00fablica n\u00ba 10\/2021-ANTAQ ocorrer\u00e1 no modelo virtual no dia 1\u00ba de junho de 2021, com in\u00edcio \u00e0s 15h e t\u00e9rmino quando da manifesta\u00e7\u00e3o do \u00faltimo credenciado, sendo 18h o hor\u00e1rio limite para encerramento.<\/p>\n<p>A audi\u00eancia visa o recebimento de contribui\u00e7\u00f5es para o aprimoramento dos documentos t\u00e9cnicos e jur\u00eddicos relativos \u00e0 realiza\u00e7\u00e3o de certame licitat\u00f3rio referente ao arrendamento de \u00e1rea portu\u00e1ria localizada dentro da poligonal do Porto Organizado de Santos\/SP, destinada \u00e0 instala\u00e7\u00e3o de terminal dedicado \u00e0 movimenta\u00e7\u00e3o e armazenagem de gran\u00e9is s\u00f3lidos vegetais, denominado STS11.<\/p>\n<p><strong>A din\u00e2mica da audi\u00eancia p\u00fablica virtual ser\u00e1 a seguinte:<\/strong><\/p>\n<p>Toda a sess\u00e3o virtual ser\u00e1 transmitida via streaming a toda a Internet, gravada e disponibilizada no canal da ANTAQ no \u201cYoutube\u201d;<\/p>\n<p>N\u00e3o \u00e9 necess\u00e1ria inscri\u00e7\u00e3o para assistir \u00e0 Audi\u00eancia P\u00fablica;<\/p>\n<p>Os interessados em manifestar-se na audi\u00eancia dever\u00e3o se inscrever pelo aplicativo de mensagens \u201cWhatsapp\u201d no n\u00famero (61) 2029-6940. O per\u00edodo de inscri\u00e7\u00e3o ser\u00e1 das 10h \u00e0s 14h do dia 1\u00ba de junho de 2021;<\/p>\n<p>Os interessados poder\u00e3o enviar sua contribui\u00e7\u00e3o por v\u00eddeo, \u00e1udio ou at\u00e9 mesmo por escrito no \u201cWhatsapp\u201d;<\/p>\n<p>Os interessados tamb\u00e9m poder\u00e3o se manifestar entrando na sala de reuni\u00e3o criada no aplicativo \u201cZOOM\u201d. Para isso, no ato de inscri\u00e7\u00e3o, o interessado dever\u00e1 se manifestar nesse sentido e encaminhar seu endere\u00e7o eletr\u00f4nico de login no \u201cZOOM\u201d para ser convidado a entrar na sala na sua vez; e<\/p>\n<p>Em caso de problemas computacionais para utiliza\u00e7\u00e3o da ferramenta \u201cZOOM\u201d ser\u00e1 realizada uma segunda tentativa de conex\u00e3o ao final de todas as contribui\u00e7\u00f5es ou o interessado poder\u00e1 encaminhar sua contribui\u00e7\u00e3o pelo \u201cWhatsapp\u201d.<\/p>\n<p>Fonte: Informativo dos Portos<\/p>\n","protected":false},"excerpt":{"rendered":"<p>A ANTAQ estabeleceu que a audi\u00eancia p\u00fablica presencial prevista no \u00e2mbito do Aviso de Audi\u00eancia P\u00fablica n\u00ba 10\/2021-ANTAQ ocorrer\u00e1 no modelo virtual no dia 1\u00ba&#8230;<\/p>\n","protected":false},"author":1182,"featured_media":34235,"comment_status":"closed","ping_status":"closed","sticky":false,"template":"","format":"standard","meta":{"footnotes":""},"categories":[6],"tags":[301,1062,3000,588,435,3362],"class_list":["post-35228","post","type-post","status-publish","format-standard","has-post-thumbnail","hentry","category-noticias","tag-antaq","tag-audiencia","tag-junho","tag-licitacao","tag-porto-de-santos","tag-virtual"],"_links":{"self":[{"href":"https:\/\/www.sincomam.org.br\/index.php\/wp-json\/wp\/v2\/posts\/35228","targetHints":{"allow":["GET"]}}],"collection":[{"href":"https:\/\/www.sincomam.org.br\/index.php\/wp-json\/wp\/v2\/posts"}],"about":[{"href":"https:\/\/www.sincomam.org.br\/index.php\/wp-json\/wp\/v2\/types\/post"}],"author":[{"embeddable":true,"href":"https:\/\/www.sincomam.org.br\/index.php\/wp-json\/wp\/v2\/users\/1182"}],"replies":[{"embeddable":true,"href":"https:\/\/www.sincomam.org.br\/index.php\/wp-json\/wp\/v2\/comments?post=35228"}],"version-history":[{"count":1,"href":"https:\/\/www.sincomam.org.br\/index.php\/wp-json\/wp\/v2\/posts\/35228\/revisions"}],"predecessor-version":[{"id":35229,"href":"https:\/\/www.sincomam.org.br\/index.php\/wp-json\/wp\/v2\/posts\/35228\/revisions\/35229"}],"wp:featuredmedia":[{"embeddable":true,"href":"https:\/\/www.sincomam.org.br\/index.php\/wp-json\/wp\/v2\/media\/34235"}],"wp:attachment":[{"href":"https:\/\/www.sincomam.org.br\/index.php\/wp-json\/wp\/v2\/media?parent=35228"}],"wp:term":[{"taxonomy":"category","embeddable":true,"href":"https:\/\/www.sincomam.org.br\/index.php\/wp-json\/wp\/v2\/categories?post=35228"},{"taxonomy":"post_tag","embeddable":true,"href":"https:\/\/www.sincomam.org.br\/index.php\/wp-json\/wp\/v2\/tags?post=35228"}],"curies":[{"name":"wp","href":"https:\/\/api.w.org\/{rel}","templated":true}]}}