{"id":35224,"date":"2021-05-20T10:37:04","date_gmt":"2021-05-20T13:37:04","guid":{"rendered":"http:\/\/www.sincomam.org.br\/?p=35224"},"modified":"2021-05-20T10:37:04","modified_gmt":"2021-05-20T13:37:04","slug":"portos-de-itajai-e-navegantes-registram-aumento-de-13-em-abril","status":"publish","type":"post","link":"https:\/\/www.sincomam.org.br\/index.php\/portos-de-itajai-e-navegantes-registram-aumento-de-13-em-abril\/","title":{"rendered":"Portos de Itaja\u00ed e Navegantes registram aumento de 13% em abril"},"content":{"rendered":"<p><strong><em>N\u00fameros ultrapassam a movimenta\u00e7\u00e3o registrada em 2020, evidenciando a probabilidade de um maior \u00edndice de atraca\u00e7\u00f5es<\/em><\/strong><\/p>\n<p>O Complexo Portu\u00e1rio de Itaja\u00ed e Navegantes registrou um crescimento equivalente a 13% na movimenta\u00e7\u00e3o de cargas em toneladas, em comparativo ao m\u00eas de abril de 2020. As informa\u00e7\u00f5es s\u00e3o do relat\u00f3rio de estat\u00edsticas divulgado pela Superintend\u00eancia do Porto de Itaja\u00ed.<\/p>\n<p>Segundo as informa\u00e7\u00f5es, em abril deste ano, foi registrada a movimenta\u00e7\u00e3o de 118.908 TEU\u2019s (unidade de medida correspondente a um container de 20 p\u00e9s) e 1.384.294 toneladas, os n\u00fameros superaram a movimenta\u00e7\u00e3o registrada no mesmo per\u00edodo do ano passado, totalizando 115.321 TEU\u2019s e 1.230.174 toneladas.<\/p>\n<p>Os registros evidenciados no complexo confirmam 84 atraca\u00e7\u00f5es, em diverg\u00eancia aos n\u00fameros constatados no mesmo per\u00edodo do ano anterior, referentes a 87 embarca\u00e7\u00f5es.<\/p>\n<p>A movimenta\u00e7\u00e3o de cargas em toneladas naAPMT Itaja\u00ed durante o m\u00eas de abril resultou em 508.323, agregando em 34 atraca\u00e7\u00f5es e 43.677 em quantidade de TEU\u2019s, os n\u00fameros representam um aumento significativo em compara\u00e7\u00e3o ao ano de 2020, onde foram notabilizadas 455.176 em movimenta\u00e7\u00e3o de toneladas, 38 embarca\u00e7\u00f5es e 41.804 direcionados a quantidade de TEU\u2019s.<\/p>\n<p>Em termos de totalidade do complexo, houve um crescimento em TEU\u2019s e em toneladas dentre os meses de janeiro a abril de 2021.<\/p>\n<p><strong>PORTONAVE<\/strong><\/p>\n<p>O Terminal PORTONAVE (Porto de Navegantes), registrou no m\u00eas de abril a mobilidade de 44 escalas, ressaltando a movimenta\u00e7\u00e3o concentrada do ano para 202 escalas, e, expondo um crescimento designado a 17% em rela\u00e7\u00e3o ao mesmo per\u00edodo de 2020, que atingiu a marca de 173 navios atracados.<\/p>\n<p>A totalidade de cargas no terminal durante o m\u00eas de abril registrou a movimenta\u00e7\u00e3o de 857.131. Foram registradas 44 escalas, progredindo a movimenta\u00e7\u00e3o concentrada do ano para 202 escalas.\u00a0 O acumulado do ano est\u00e1 em 356.89 TEU\u2019S com 3.885.516 toneladas, resultando em 40% de crescimento em cargas e TEU\u2019s em rela\u00e7\u00e3o ao mesmo per\u00edodo do ano passado.<\/p>\n<p>No setor de importa\u00e7\u00f5es, evidenciou-se um aumento de 45%, destacando-se nos itens de: pl\u00e1sticos e borrachas (103,1%), madeiras e derivados (77,6%), e mec\u00e2nicos\/eletr\u00f4nicos (66,3%), retratando desta forma, a solidez nas atividades da regi\u00e3o.<\/p>\n<p><strong>TUPs (Terminais de Uso Privado<\/strong><\/p>\n<p>A Braskarne realizou 3 escalas com 6.465 toneladas, o terminal Teporti registrou 3 escalas com 12.375 toneladas, na Poly Terminais n\u00e3o foram constatados registros de escalas no m\u00eas de abril. O terminal Barra do Rio tamb\u00e9m n\u00e3o registrou movimenta\u00e7\u00e3o no m\u00eas.<\/p>\n<p>No seguimento das exporta\u00e7\u00f5es o registro foi de 45% de aumento, destacando as mercadorias mais movimentadas em abril, que foram: ma\u00e7\u00e3 (202,9%), t\u00eaxteis diversos (94,7%), e Carnes (88,3%). Em rela\u00e7\u00e3o as balan\u00e7as comerciais brasileira e catarinense, Itaja\u00ed apresentou participa\u00e7\u00e3o de 3,8% e 57,9% respectivamente.<\/p>\n<p>*Com informa\u00e7\u00f5es Porto de Itaja\u00ed<\/p>\n<p>Foto: divulga\u00e7\u00e3o<\/p>\n","protected":false},"excerpt":{"rendered":"<p>N\u00fameros ultrapassam a movimenta\u00e7\u00e3o registrada em 2020, evidenciando a probabilidade de um maior \u00edndice de atraca\u00e7\u00f5es O Complexo Portu\u00e1rio de Itaja\u00ed e Navegantes registrou um&#8230;<\/p>\n","protected":false},"author":1182,"featured_media":29658,"comment_status":"closed","ping_status":"closed","sticky":false,"template":"","format":"standard","meta":{"footnotes":""},"categories":[6],"tags":[914,405,191,4728,4681,1717,80,1641,656],"class_list":["post-35224","post","type-post","status-publish","format-standard","has-post-thumbnail","hentry","category-noticias","tag-abril","tag-aumento","tag-cargas","tag-complexo-portuario-de-itajai","tag-mercadoria","tag-navegantes","tag-porto","tag-relatorio","tag-terminal"],"_links":{"self":[{"href":"https:\/\/www.sincomam.org.br\/index.php\/wp-json\/wp\/v2\/posts\/35224","targetHints":{"allow":["GET"]}}],"collection":[{"href":"https:\/\/www.sincomam.org.br\/index.php\/wp-json\/wp\/v2\/posts"}],"about":[{"href":"https:\/\/www.sincomam.org.br\/index.php\/wp-json\/wp\/v2\/types\/post"}],"author":[{"embeddable":true,"href":"https:\/\/www.sincomam.org.br\/index.php\/wp-json\/wp\/v2\/users\/1182"}],"replies":[{"embeddable":true,"href":"https:\/\/www.sincomam.org.br\/index.php\/wp-json\/wp\/v2\/comments?post=35224"}],"version-history":[{"count":1,"href":"https:\/\/www.sincomam.org.br\/index.php\/wp-json\/wp\/v2\/posts\/35224\/revisions"}],"predecessor-version":[{"id":35225,"href":"https:\/\/www.sincomam.org.br\/index.php\/wp-json\/wp\/v2\/posts\/35224\/revisions\/35225"}],"wp:featuredmedia":[{"embeddable":true,"href":"https:\/\/www.sincomam.org.br\/index.php\/wp-json\/wp\/v2\/media\/29658"}],"wp:attachment":[{"href":"https:\/\/www.sincomam.org.br\/index.php\/wp-json\/wp\/v2\/media?parent=35224"}],"wp:term":[{"taxonomy":"category","embeddable":true,"href":"https:\/\/www.sincomam.org.br\/index.php\/wp-json\/wp\/v2\/categories?post=35224"},{"taxonomy":"post_tag","embeddable":true,"href":"https:\/\/www.sincomam.org.br\/index.php\/wp-json\/wp\/v2\/tags?post=35224"}],"curies":[{"name":"wp","href":"https:\/\/api.w.org\/{rel}","templated":true}]}}