{"id":35219,"date":"2021-05-20T09:55:56","date_gmt":"2021-05-20T12:55:56","guid":{"rendered":"http:\/\/www.sincomam.org.br\/?p=35219"},"modified":"2021-05-20T09:55:56","modified_gmt":"2021-05-20T12:55:56","slug":"plenario-da-camara-aprova-mp-que-viabiliza-privatizacao-da-eletrobras","status":"publish","type":"post","link":"https:\/\/www.sincomam.org.br\/index.php\/plenario-da-camara-aprova-mp-que-viabiliza-privatizacao-da-eletrobras\/","title":{"rendered":"Plen\u00e1rio da C\u00e2mara aprova MP que viabiliza privatiza\u00e7\u00e3o da Eletrobras"},"content":{"rendered":"<p><strong><em>A medida provis\u00f3ria foi aprovada por 313 votos a 166<\/em><\/strong><\/p>\n<p>O plen\u00e1rio da C\u00e2mara dos Deputados aprovou no come\u00e7o da madrugada desta quinta-feira (20) a Medida Provis\u00f3ria (MP) 1031\/21, que viabiliza a privatiza\u00e7\u00e3o da Eletrobras. A estatal \u00e9 respons\u00e1vel por 30% da energia gerada no pa\u00eds.<\/p>\n<p>A MP foi aprovada por 313 votos a 166 e ser\u00e1 enviada agora para an\u00e1lise e vota\u00e7\u00e3o no Senado. A oposi\u00e7\u00e3o chegou a entrar com uma a\u00e7\u00e3o no Supremo Tribunal Federal (STF) para\u00a0 impedir que a vota\u00e7\u00e3o acontecesse, mas teve o pedido negado.<\/p>\n<p>O texto aprovado do relator Elmar Nascimento (DEM-BA) prev\u00ea, entre outras medidas, a emiss\u00e3o de novas a\u00e7\u00f5es da Eletrobras, a serem vendidas no mercado sem a participa\u00e7\u00e3o da empresa, resultando na perda do controle acion\u00e1rio de voto mantido atualmente pela Uni\u00e3o.<\/p>\n<p>Essa forma de privatiza\u00e7\u00e3o \u00e9 a mesma proposta no PL 5877\/19, que o governo enviou em 2019 mas n\u00e3o foi adiante. Apesar de perder o controle, a Uni\u00e3o ter\u00e1 uma a\u00e7\u00e3o de classe especial &#8211; golden share &#8211; que lhe garante poder de veto em decis\u00f5es da assembleia de acionistas a fim de evitar que algum deles ou um grupo de v\u00e1rios detenha mais de 10% do capital votante da Eletrobras. Esse tipo de mecanismo poder\u00e1 ser usado para a desestatiza\u00e7\u00e3o de outras empresas p\u00fablicas.<\/p>\n<p>O texto tamb\u00e9m autoriza o governo federal a criar uma empresa p\u00fablica ou sociedade de economia mista para administrar a Eletronuclear, estatal que controla as usinas de Angra e a Itaipu Binacional. Por quest\u00f5es constitucionais, ambas devem ficar sob controle da Uni\u00e3o.<\/p>\n<p><strong>Termel\u00e9tricas<\/strong><\/p>\n<p>Antes da vota\u00e7\u00e3o, o relator reformulou o parecer e retirou, dentre as condi\u00e7\u00f5es da capitaliza\u00e7\u00e3o da Eletrobras, a contrata\u00e7\u00e3o de energia de reserva de termel\u00e9tricas movidas a g\u00e1s natural em montante equivalente a 1.000 megawatt (MW) em estado do Nordeste que ainda n\u00e3o tenha gasoduto e outros 5 mil MW nas regi\u00f5es Norte e Centro-Oeste.<\/p>\n<p>Fonte: Ag\u00eancia Brasil<\/p>\n<p>Foto: divulga\u00e7\u00e3o<\/p>\n","protected":false},"excerpt":{"rendered":"<p>A medida provis\u00f3ria foi aprovada por 313 votos a 166 O plen\u00e1rio da C\u00e2mara dos Deputados aprovou no come\u00e7o da madrugada desta quinta-feira (20) a&#8230;<\/p>\n","protected":false},"author":1182,"featured_media":5319,"comment_status":"closed","ping_status":"closed","sticky":false,"template":"","format":"standard","meta":{"footnotes":""},"categories":[6],"tags":[818,732,1015,1831,3585,1899],"class_list":["post-35219","post","type-post","status-publish","format-standard","has-post-thumbnail","hentry","category-noticias","tag-aprovacao","tag-camara","tag-eletrobras","tag-medida-provisoria","tag-plenario","tag-privatizacao"],"_links":{"self":[{"href":"https:\/\/www.sincomam.org.br\/index.php\/wp-json\/wp\/v2\/posts\/35219","targetHints":{"allow":["GET"]}}],"collection":[{"href":"https:\/\/www.sincomam.org.br\/index.php\/wp-json\/wp\/v2\/posts"}],"about":[{"href":"https:\/\/www.sincomam.org.br\/index.php\/wp-json\/wp\/v2\/types\/post"}],"author":[{"embeddable":true,"href":"https:\/\/www.sincomam.org.br\/index.php\/wp-json\/wp\/v2\/users\/1182"}],"replies":[{"embeddable":true,"href":"https:\/\/www.sincomam.org.br\/index.php\/wp-json\/wp\/v2\/comments?post=35219"}],"version-history":[{"count":1,"href":"https:\/\/www.sincomam.org.br\/index.php\/wp-json\/wp\/v2\/posts\/35219\/revisions"}],"predecessor-version":[{"id":35220,"href":"https:\/\/www.sincomam.org.br\/index.php\/wp-json\/wp\/v2\/posts\/35219\/revisions\/35220"}],"wp:featuredmedia":[{"embeddable":true,"href":"https:\/\/www.sincomam.org.br\/index.php\/wp-json\/wp\/v2\/media\/5319"}],"wp:attachment":[{"href":"https:\/\/www.sincomam.org.br\/index.php\/wp-json\/wp\/v2\/media?parent=35219"}],"wp:term":[{"taxonomy":"category","embeddable":true,"href":"https:\/\/www.sincomam.org.br\/index.php\/wp-json\/wp\/v2\/categories?post=35219"},{"taxonomy":"post_tag","embeddable":true,"href":"https:\/\/www.sincomam.org.br\/index.php\/wp-json\/wp\/v2\/tags?post=35219"}],"curies":[{"name":"wp","href":"https:\/\/api.w.org\/{rel}","templated":true}]}}