{"id":35204,"date":"2021-05-19T11:40:56","date_gmt":"2021-05-19T14:40:56","guid":{"rendered":"http:\/\/www.sincomam.org.br\/?p=35204"},"modified":"2021-05-19T11:40:56","modified_gmt":"2021-05-19T14:40:56","slug":"planos-de-saude-ans-confirma-o-indice-de-reajuste-nesta-quarta","status":"publish","type":"post","link":"https:\/\/www.sincomam.org.br\/index.php\/planos-de-saude-ans-confirma-o-indice-de-reajuste-nesta-quarta\/","title":{"rendered":"Planos de sa\u00fade: ANS confirma o \u00edndice de reajuste nesta quarta"},"content":{"rendered":"<p><strong><em>O percentual ser\u00e1 enviado hoje ao Minist\u00e9rio da Economia para an\u00e1lise e autoriza\u00e7\u00e3o<\/em><\/strong><\/p>\n<p>A diretoria da Ag\u00eancia Nacional de Sa\u00fade Suplementar (ANS) se reuniu na ter\u00e7a-feira para estabelecer o \u00edndice de reajuste dos planos individuais, e este ser\u00e1 negativo, de acordo com fontes a par do c\u00e1lculo. O percentual ser\u00e1 enviado hoje ao Minist\u00e9rio da Economia para an\u00e1lise e autoriza\u00e7\u00e3o.<\/p>\n<p>Esta ser\u00e1 a primeira vez que o setor registra um \u00edndice negativo de reajuste. Isso \u00e9 resultado da queda no uso dos planos de sa\u00fade no ano passado. No in\u00edcio da pandemia, chegaram ser suspensos por quatro meses, de abril a agosto, os procedimentos considerados eletivos, de consultas a cirurgias.<\/p>\n<p>Na pr\u00e1tica, haver\u00e1 redu\u00e7\u00e3o na mensalidade dos nove milh\u00f5es de usu\u00e1rios com contratos individuais. A medida vai aliviar o bolso desses benefici\u00e1rios, que tiveram reajuste anual e de faixa et\u00e1ria suspensos em 2020 e agora t\u00eam de pagar, at\u00e9 o fim deste ano, a recomposi\u00e7\u00e3o do valor das mensalidades. A cobran\u00e7a retroativa come\u00e7ou em janeiro.<\/p>\n<p><strong>Press\u00e3o sobre coletivos<\/strong><\/p>\n<p>Na avalia\u00e7\u00e3o de especialistas, o \u00edndice negativo de reajuste dos planos individuais vai gerar uma press\u00e3o adicional sobre as operadoras, diante de um movimento crescente de entidades de defesa do consumidor, Minist\u00e9rios P\u00fablicos, Defensoria P\u00fablica da Uni\u00e3o e da pr\u00f3pria Secretaria Nacional do Consumidor (Senacon), \u00f3rg\u00e3o do Minist\u00e9rio da Justi\u00e7a, para que a ANS crie mecanismos de controle do reajuste aplicado aos planos coletivos.<\/p>\n<p>O reajuste estabelecido pela ANS, referente a 2020 (que est\u00e1 sendo cobrado agora), para os planos individuais foi limitado a 8,14%. J\u00e1 no caso dos planos coletivos, a Senacon foi informada, pelas pr\u00f3prias operadoras, de aumentos de at\u00e9 46%.<\/p>\n<p>Essa disparidade, de acordo com a secretaria, indicaria a exist\u00eancia de um subs\u00eddio cruzado perverso, que teria garantido aos planos empresariais com maior poder de barganha aumento zero, enquanto os coletivos menores tiveram reajustes na casa dos dois d\u00edgitos, em m\u00e9dia de 14% a 25%.<\/p>\n<p>As empresas negam que esse subs\u00eddio cruzado aconte\u00e7a e afirmam que, caso os reajustes dos planos coletivos passem a ser controlados pela ANS, muitas operadoras, principalmente as de pequeno porte, poderiam quebrar.<\/p>\n<p>Atualmente, 80% dos contratos da sa\u00fade suplementar s\u00e3o coletivos.<\/p>\n<p>Fonte: IG Economia<\/p>\n","protected":false},"excerpt":{"rendered":"<p>O percentual ser\u00e1 enviado hoje ao Minist\u00e9rio da Economia para an\u00e1lise e autoriza\u00e7\u00e3o A diretoria da Ag\u00eancia Nacional de Sa\u00fade Suplementar (ANS) se reuniu na&#8230;<\/p>\n","protected":false},"author":1182,"featured_media":29793,"comment_status":"closed","ping_status":"closed","sticky":false,"template":"","format":"standard","meta":{"footnotes":""},"categories":[6],"tags":[515,405,2752,2751,1821,4722,392],"class_list":["post-35204","post","type-post","status-publish","format-standard","has-post-thumbnail","hentry","category-noticias","tag-ans","tag-aumento","tag-coronavirus","tag-covid-19","tag-planos-de-saude","tag-pressao","tag-reajuste"],"_links":{"self":[{"href":"https:\/\/www.sincomam.org.br\/index.php\/wp-json\/wp\/v2\/posts\/35204","targetHints":{"allow":["GET"]}}],"collection":[{"href":"https:\/\/www.sincomam.org.br\/index.php\/wp-json\/wp\/v2\/posts"}],"about":[{"href":"https:\/\/www.sincomam.org.br\/index.php\/wp-json\/wp\/v2\/types\/post"}],"author":[{"embeddable":true,"href":"https:\/\/www.sincomam.org.br\/index.php\/wp-json\/wp\/v2\/users\/1182"}],"replies":[{"embeddable":true,"href":"https:\/\/www.sincomam.org.br\/index.php\/wp-json\/wp\/v2\/comments?post=35204"}],"version-history":[{"count":1,"href":"https:\/\/www.sincomam.org.br\/index.php\/wp-json\/wp\/v2\/posts\/35204\/revisions"}],"predecessor-version":[{"id":35205,"href":"https:\/\/www.sincomam.org.br\/index.php\/wp-json\/wp\/v2\/posts\/35204\/revisions\/35205"}],"wp:featuredmedia":[{"embeddable":true,"href":"https:\/\/www.sincomam.org.br\/index.php\/wp-json\/wp\/v2\/media\/29793"}],"wp:attachment":[{"href":"https:\/\/www.sincomam.org.br\/index.php\/wp-json\/wp\/v2\/media?parent=35204"}],"wp:term":[{"taxonomy":"category","embeddable":true,"href":"https:\/\/www.sincomam.org.br\/index.php\/wp-json\/wp\/v2\/categories?post=35204"},{"taxonomy":"post_tag","embeddable":true,"href":"https:\/\/www.sincomam.org.br\/index.php\/wp-json\/wp\/v2\/tags?post=35204"}],"curies":[{"name":"wp","href":"https:\/\/api.w.org\/{rel}","templated":true}]}}