{"id":35186,"date":"2021-05-18T11:37:36","date_gmt":"2021-05-18T14:37:36","guid":{"rendered":"http:\/\/www.sincomam.org.br\/?p=35186"},"modified":"2021-05-18T11:37:36","modified_gmt":"2021-05-18T14:37:36","slug":"projecao-de-crescimento-do-pib-passa-de-32-para-35","status":"publish","type":"post","link":"https:\/\/www.sincomam.org.br\/index.php\/projecao-de-crescimento-do-pib-passa-de-32-para-35\/","title":{"rendered":"Proje\u00e7\u00e3o de crescimento do PIB passa de 3,2% para 3,5%"},"content":{"rendered":"<p><strong><em>\u00c9 o que revela Boletim Macrofiscal do Minist\u00e9rio da Economia<\/em><\/strong><\/p>\n<p>A proje\u00e7\u00e3o de crescimento do Produto Interno Bruto (PIB) para 2021 aumentou de 3,2% para 3,5%, ficando em R$ 8,42 trilh\u00f5es, segundo dados do Boletim Macrofiscal de Maio, divulgado hoje (18), em Bras\u00edlia, pelo Minist\u00e9rio da Economia. Os n\u00fameros mostram que a previs\u00e3o de infla\u00e7\u00e3o pelo \u00cdndice Nacional de Pre\u00e7os ao Consumidor Amplo (IPCA) para este ano \u00e9 de 5,05%, acima da meta de infla\u00e7\u00e3o de 3,75% para o ano.<\/p>\n<p>Segundo o boletim, a proje\u00e7\u00e3o do PIB (a soma de todas as riquezas produzidas no pa\u00eds) para 2022 at\u00e9 2025 \u00e9 de 2,5%. A publica\u00e7\u00e3o diz, ainda, que o aumento da projec\u0327a\u0303o do PIB de 2021 se deve a uma melhora da expectativa do resultado econ\u00f4mico do primeiro trimestre de 2021, com um aumento esperado de 0,3 % na margem do PIB com ajuste sazonal, \u201cmesmo diante do aumento das regras legais de distanciamento e a despeito do fim do aux\u00edlio emergencial\u201d.<\/p>\n<p>Para o segundo semestre deste ano, o boletim afirma que, com o avan\u00e7o da vacina\u00e7\u00e3o contra a covid-19, \u00e9 esperada uma acelerac\u0327a\u0303o do setor de servic\u0327os. Entre outros pontos, destaca-se a amplia\u00e7\u00e3o da vacina\u00e7\u00e3o no pa\u00eds como um fator fundamental para a retomada da atividade econ\u00f4mica.<\/p>\n<p><em>\u201cDeve-se salientar que a incerteza nas estimativas atuais ainda permanece significativamente elevada. Ademais, as projec\u0327o\u0303es da atividade para este e para os pro\u0301ximos anos tornam-se particularmente sensi\u0301veis a\u0300 divulgac\u0327a\u0303o dos dados e ao desenrolar dos efeitos da covid-19 e do processo de vacinac\u0327a\u0303o, principalmente considerando os seus efeitos no PIB de longo prazo&#8221;, afirma.<\/em><\/p>\n<p><strong>Servi\u00e7os em alta<\/strong><\/p>\n<p>O boletim tamb\u00e9m registra a performance dos diferentes setores da economia, registrando aumento na atividade do setor de servi\u00e7os e na produ\u00e7\u00e3o agr\u00edcola.<\/p>\n<p>Ainda segundo a publica\u00e7\u00e3o, o setor de servic\u0327os tem apresentado recuperac\u0327a\u0303o em 2021 e esta\u0301 mais pro\u0301ximo do ni\u0301vel pre\u0301-crise econ\u00f4mica desencadeada pela pandemia do novo coronav\u00edrus, apesar de o segmento ter sido um dos mais impactados. Inclusive com maior dificuldade de retorno em raz\u00e3o das medidas restritivas de deslocamento e de isolamento social.<\/p>\n<p><em>\u201cMesmo assim, observa-se que o setor de servic\u0327os cresceu 2,8% no 1T21 [primeiro trimestre de 2021] em relac\u0327a\u0303o ao trimestre anterior (com ajuste sazonal). Na ana\u0301lise interanual, o setor ainda apresenta recuo de 0,8% ante mesmo trimestre do ano anterior. O carregamento estati\u0301stico para o ano de 2021 e\u0301 de alta de 6,2%\u201d, diz o boletim.<\/em><\/p>\n<p>Quanto a\u0300 produc\u0327a\u0303o agri\u0301cola \u00e9 esperado um novo recorde na safra de gra\u0303os em 2021, com estimativa de alta de 4,1% em relac\u0327a\u0303o a\u0300 safra de 2020. Esse desempenho resulta em 264,5 milho\u0303es de toneladas (aumento de 10,3 milho\u0303es de toneladas), com destaque para aumento da safra de soja e de trigo.<\/p>\n<p>Entretanto, os dados mostram que a produ\u00e7\u00e3o industrial apresentou um recuo de 0,4% no primeiro trimestre de 2021 em rela\u00e7\u00e3o ao trimestre anterior (com ajuste sazonal).<\/p>\n<p>A indu\u0301stria de transformac\u0327a\u0303o registrou queda de 0,6%, enquanto a indu\u0301stria extrativa cresceu 0,8%. Ja\u0301 na comparac\u0327a\u0303o com o primeiro trimestre de 2020, a produc\u0327a\u0303o industrial apresentou crescimento de 4,3% no trimestre, com queda de 2,1% na ind\u00fastria extrativa, enquanto a indu\u0301stria de transformac\u0327a\u0303o teve alta de 5,2% e os insumos ti\u0301picos da construc\u0327a\u0303o civil, 15,4%.<\/p>\n<p>O come\u0301rcio varejista tamb\u00e9m apresentou uma diminui\u00e7\u00e3o na sua recupera\u00e7\u00e3o em 2021, interrompendo o forte retorno das vendas observado no fim de 2020. No primeiro trimestre de 2021, as vendas no varejo restrito recuaram 4,3% em relac\u0327a\u0303o ao trimestre anterior (com ajuste sazonal).<\/p>\n<p>Por sua vez, o varejo ampliado, que inclui vei\u0301culos e materiais de construc\u0327a\u0303o, caiu 3,9%, com recuo 20,0% para vei\u0301culos e motos, e de 3,7% para materiais de construc\u0327a\u0303o. Frente ao primeiro trimestre de 2020, as vendas no varejo restrito ca\u00edram 0,6%, enquanto no ampliado cresceram 1,4%.<\/p>\n<p><strong>Infla\u00e7\u00e3o<\/strong><\/p>\n<p>O Boletim Macrofiscal de Maio aponta, ainda, para uma expectativa na taxa de infla\u00e7\u00e3o de 5,05% ao ano. Apesar de o valor estar acima da meta de infla\u00e7\u00e3o de 3,75%, ele se encontra dentro do intervalo de toler\u00e2ncia. J\u00e1 para o pr\u00f3ximo ano, a proje\u00e7\u00e3o do IPCA [a infla\u00e7\u00e3o oficial do pa\u00eds] converge para o centro da meta a partir de 2022, que \u00e9 de 3,5%. Em 2023, a previs\u00e3o de meta \u00e9 de 3,25%.<\/p>\n<p>Os dados mostram que o IPCA de abril, u\u0301ltimo me\u0302s divulgado, foi de 0,31%, ficando 0,62 ponto percentual abaixo da taxa de marc\u0327o (0,93%). Em 12 meses, o i\u0301ndice acumula alta de 6,76%.<\/p>\n<p><em>\u201cA evoluc\u0327a\u0303o do IPCA ao longo do ano de 2020 mostra que a inflac\u0327a\u0303o acumulada em 12 meses do grupo Alimentac\u0327a\u0303o no Domici\u0301lio, apo\u0301s atingir um valor mi\u0301nimo de 5,1% em marc\u0327o de 2020, acelerou ate\u0301 alcanc\u0327ar o pico em novembro de 2020, quando atingiu 21,1%, e fechou o ano em 18,2%. No dado mais recente, no acumulado em 12 meses, encontra-se em 15,55% (abril de 2021)\u201d, diz o boletim.<\/em><\/p>\n<p>O documento destaca, ainda, que os prec\u0327os dos servic\u0327os contribu\u00edram positivamente para a inflac\u0327a\u0303o acumulada em 12 meses, uma vez que a elevada ociosidade da economia contribui para manter a variac\u0327a\u0303o do prec\u0327o baixa e esta\u0301vel neste setor.<\/p>\n<p>Fonte: Ag\u00eancia Brasil<\/p>\n","protected":false},"excerpt":{"rendered":"<p>\u00c9 o que revela Boletim Macrofiscal do Minist\u00e9rio da Economia A proje\u00e7\u00e3o de crescimento do Produto Interno Bruto (PIB) para 2021 aumentou de 3,2% para&#8230;<\/p>\n","protected":false},"author":1182,"featured_media":18164,"comment_status":"closed","ping_status":"closed","sticky":false,"template":"","format":"standard","meta":{"footnotes":""},"categories":[6],"tags":[3451,170,463,3910,293,180,862],"class_list":["post-35186","post","type-post","status-publish","format-standard","has-post-thumbnail","hentry","category-noticias","tag-boletim","tag-crescimento","tag-inflacao","tag-ministerio-da-economia","tag-pib","tag-projecao","tag-servicos"],"_links":{"self":[{"href":"https:\/\/www.sincomam.org.br\/index.php\/wp-json\/wp\/v2\/posts\/35186","targetHints":{"allow":["GET"]}}],"collection":[{"href":"https:\/\/www.sincomam.org.br\/index.php\/wp-json\/wp\/v2\/posts"}],"about":[{"href":"https:\/\/www.sincomam.org.br\/index.php\/wp-json\/wp\/v2\/types\/post"}],"author":[{"embeddable":true,"href":"https:\/\/www.sincomam.org.br\/index.php\/wp-json\/wp\/v2\/users\/1182"}],"replies":[{"embeddable":true,"href":"https:\/\/www.sincomam.org.br\/index.php\/wp-json\/wp\/v2\/comments?post=35186"}],"version-history":[{"count":1,"href":"https:\/\/www.sincomam.org.br\/index.php\/wp-json\/wp\/v2\/posts\/35186\/revisions"}],"predecessor-version":[{"id":35187,"href":"https:\/\/www.sincomam.org.br\/index.php\/wp-json\/wp\/v2\/posts\/35186\/revisions\/35187"}],"wp:featuredmedia":[{"embeddable":true,"href":"https:\/\/www.sincomam.org.br\/index.php\/wp-json\/wp\/v2\/media\/18164"}],"wp:attachment":[{"href":"https:\/\/www.sincomam.org.br\/index.php\/wp-json\/wp\/v2\/media?parent=35186"}],"wp:term":[{"taxonomy":"category","embeddable":true,"href":"https:\/\/www.sincomam.org.br\/index.php\/wp-json\/wp\/v2\/categories?post=35186"},{"taxonomy":"post_tag","embeddable":true,"href":"https:\/\/www.sincomam.org.br\/index.php\/wp-json\/wp\/v2\/tags?post=35186"}],"curies":[{"name":"wp","href":"https:\/\/api.w.org\/{rel}","templated":true}]}}