{"id":35180,"date":"2021-05-18T10:18:55","date_gmt":"2021-05-18T13:18:55","guid":{"rendered":"http:\/\/www.sincomam.org.br\/?p=35180"},"modified":"2021-05-18T10:18:55","modified_gmt":"2021-05-18T13:18:55","slug":"privatizacao-da-eletrobras-pode-receber-aval-da-camara-nesta-terca","status":"publish","type":"post","link":"https:\/\/www.sincomam.org.br\/index.php\/privatizacao-da-eletrobras-pode-receber-aval-da-camara-nesta-terca\/","title":{"rendered":"Privatiza\u00e7\u00e3o da Eletrobras pode receber aval da C\u00e2mara nesta ter\u00e7a"},"content":{"rendered":"<p><strong><em>Caso a medida seja aprovada, o Banco Nacional de Desenvolvimento Econ\u00f4mico e Social (BNDES) deve dar in\u00edcio aos estudos de modelagem econ\u00f4mica da privatiza\u00e7\u00e3o<\/em><\/strong><\/p>\n<p>Na s\u00e9rie de etapas por que a Eletrobras deve passar para ser privatizada, a primeira delas ser\u00e1 uma prova de fogo: a aprova\u00e7\u00e3o no Congresso. \u00c9 s\u00f3 com o aval do legislativo que empresas como a gigante do setor de energia, bancos p\u00fablicos e a Petrobras podem sair do controle estatal.<\/p>\n<p>Nesta ter\u00e7a-feira, est\u00e1 previsto que a C\u00e2mara vote a Medida Provis\u00f3ria que autoriza o governo a privatizar a empresa. Como ela \u00e9 um MP, h\u00e1 prazo, que vence em 22 de junho.<\/p>\n<p>Caso a medida seja aprovada, o Banco Nacional de Desenvolvimento Econ\u00f4mico e Social (BNDES) deve dar in\u00edcio aos estudos de modelagem econ\u00f4mica da privatiza\u00e7\u00e3o.<\/p>\n<p>O governo pretende fazer uma capitaliza\u00e7\u00e3o, em que vende a\u00e7\u00f5es da companhia at\u00e9 perder a maioria. A expectativa \u00e9 que possam ser levantados cerca de 60 bilh\u00f5es de reais.<\/p>\n<p>Na \u00faltima semana, as a\u00e7\u00f5es da companhia dispararam quase 7%, principalmente com as perspectivas positivas quanto \u00e0 privatiza\u00e7\u00e3o e como repercuss\u00e3o positiva ao balan\u00e7o do primeiro trimestre da companhia.<\/p>\n<p>Na avalia\u00e7\u00e3o de analistas, a estatal \u00e9 considerada um bom ativo no mercado e estaria madura para ser vendida caso a privatiza\u00e7\u00e3o avance.<\/p>\n<p>A empresa, que atua na \u00e1rea de gera\u00e7\u00e3o e transmiss\u00e3o de energia, viveu anos de preju\u00edzo e interfer\u00eancia pol\u00edtica devido ao seu elevado n\u00famero de subsidi\u00e1rias e controladas.<\/p>\n<p>Al\u00e9m disso, entre os anos de 2012 e 2015, teve seu caixa usado politicamente, principalmente por causa da Medida Provis\u00f3ria 579, no governo da ex-presidente Dilma Rousseff, que cortou o valor da energia em 20%.<\/p>\n<p>O ex-presidente Wilson Ferreira J\u00fanior, que assumiu a empresa em 2016 e ficou at\u00e9 janeiro deste ano, \u00e9 visto pelo mercado como o executivo que conseguiu &#8220;consertar&#8221; a casa.<\/p>\n<p>Ele reduziu praticamente pela metade o n\u00famero de funcion\u00e1rios com programas de demiss\u00e3o volunt\u00e1rias e vendeu as distribuidoras nas regi\u00f5es Norte e Nordeste, deixando a empresa mais &#8220;apetitosa&#8221; na vis\u00e3o dos investidores.<\/p>\n<p>Em fevereiro de 2016, por exemplo, as a\u00e7\u00f5es da companhia valiam cerca de 6 reais. Nesta segunda-feira, elas fecharam em 40 reais.<\/p>\n<p>Em cerim\u00f4nia de posse no in\u00edcio do m\u00eas, o atual presidente da companhia defendeu a privatiza\u00e7\u00e3o.<\/p>\n<p><em>&#8220;Para que a Eletrobras consolide sua lideran\u00e7a no setor, para que seja protagonista na expans\u00e3o do setor el\u00e9trico brasileiro, a companhia precisa estar capitalizada, com capacidade de investimento e ter competitividade frente a outros agentes&#8230;&#8221;, disse.<\/em><\/p>\n<p>Fonte: Exame<\/p>\n","protected":false},"excerpt":{"rendered":"<p>Caso a medida seja aprovada, o Banco Nacional de Desenvolvimento Econ\u00f4mico e Social (BNDES) deve dar in\u00edcio aos estudos de modelagem econ\u00f4mica da privatiza\u00e7\u00e3o Na&#8230;<\/p>\n","protected":false},"author":1182,"featured_media":5103,"comment_status":"closed","ping_status":"closed","sticky":false,"template":"","format":"standard","meta":{"footnotes":""},"categories":[6],"tags":[732,1015,424,1899,3509,974],"class_list":["post-35180","post","type-post","status-publish","format-standard","has-post-thumbnail","hentry","category-noticias","tag-camara","tag-eletrobras","tag-energia","tag-privatizacao","tag-tarifa","tag-votacao"],"_links":{"self":[{"href":"https:\/\/www.sincomam.org.br\/index.php\/wp-json\/wp\/v2\/posts\/35180","targetHints":{"allow":["GET"]}}],"collection":[{"href":"https:\/\/www.sincomam.org.br\/index.php\/wp-json\/wp\/v2\/posts"}],"about":[{"href":"https:\/\/www.sincomam.org.br\/index.php\/wp-json\/wp\/v2\/types\/post"}],"author":[{"embeddable":true,"href":"https:\/\/www.sincomam.org.br\/index.php\/wp-json\/wp\/v2\/users\/1182"}],"replies":[{"embeddable":true,"href":"https:\/\/www.sincomam.org.br\/index.php\/wp-json\/wp\/v2\/comments?post=35180"}],"version-history":[{"count":1,"href":"https:\/\/www.sincomam.org.br\/index.php\/wp-json\/wp\/v2\/posts\/35180\/revisions"}],"predecessor-version":[{"id":35181,"href":"https:\/\/www.sincomam.org.br\/index.php\/wp-json\/wp\/v2\/posts\/35180\/revisions\/35181"}],"wp:featuredmedia":[{"embeddable":true,"href":"https:\/\/www.sincomam.org.br\/index.php\/wp-json\/wp\/v2\/media\/5103"}],"wp:attachment":[{"href":"https:\/\/www.sincomam.org.br\/index.php\/wp-json\/wp\/v2\/media?parent=35180"}],"wp:term":[{"taxonomy":"category","embeddable":true,"href":"https:\/\/www.sincomam.org.br\/index.php\/wp-json\/wp\/v2\/categories?post=35180"},{"taxonomy":"post_tag","embeddable":true,"href":"https:\/\/www.sincomam.org.br\/index.php\/wp-json\/wp\/v2\/tags?post=35180"}],"curies":[{"name":"wp","href":"https:\/\/api.w.org\/{rel}","templated":true}]}}