{"id":35166,"date":"2021-05-17T11:49:40","date_gmt":"2021-05-17T14:49:40","guid":{"rendered":"http:\/\/www.sincomam.org.br\/?p=35166"},"modified":"2021-05-17T11:49:40","modified_gmt":"2021-05-17T14:49:40","slug":"portaria-do-inss-disciplina-beneficio-por-incapacidade-temporaria","status":"publish","type":"post","link":"https:\/\/www.sincomam.org.br\/index.php\/portaria-do-inss-disciplina-beneficio-por-incapacidade-temporaria\/","title":{"rendered":"Portaria do INSS disciplina benef\u00edcio por incapacidade tempor\u00e1ria"},"content":{"rendered":"<p><strong><em>Cada benef\u00edcio concedido ter\u00e1 dura\u00e7\u00e3o m\u00e1xima de 90 dias<\/em><\/strong><\/p>\n<p>O Instituto Nacional do Seguro Social (INSS) traz hoje (17) no Di\u00e1rio Oficial da Uni\u00e3o (DOU) portaria que disciplina os crit\u00e9rios para a operacionaliza\u00e7\u00e3o dos requerimentos de benef\u00edcio por incapacidade com procedimentos especiais.<\/p>\n<p>De acordo com a portaria, o requerimento desse tipo de benef\u00edcio ser\u00e1 feito por meio do servi\u00e7o &#8220;aux\u00edlio por incapacidade tempor\u00e1ria &#8211; an\u00e1lise documental&#8221;, e sua solicita\u00e7\u00e3o cancelar\u00e1 &#8220;eventual agendamento de per\u00edcia presencial, sem alterar a data de entrada do requerimento&#8221;.<\/p>\n<p>A portaria garante que o benef\u00edcio n\u00e3o ser\u00e1 indeferido sem pr\u00e9via realiza\u00e7\u00e3o de per\u00edcia m\u00e9dica presencial. Para tanto, ser\u00e1 gerada pend\u00eancia de necessidade de agendamento de per\u00edcia &#8220;em todos os casos em que a avalia\u00e7\u00e3o m\u00e9dica preliminar concluir pela necessidade de per\u00edcia presencial&#8221;.<\/p>\n<p>O agendamento para a per\u00edcia deve ser feito pelo segurado por meio do servi\u00e7o &#8220;per\u00edcia presencial por indica\u00e7\u00e3o m\u00e9dica&#8221;, no prazo de sete dias, contados a partir da ci\u00eancia da comunica\u00e7\u00e3o. Caso contr\u00e1rio, o processo ser\u00e1 arquivado por desist\u00eancia do pedido.<\/p>\n<p>O INSS informa que um novo requerimento de aux\u00edlio por incapacidade tempor\u00e1ria pode ser obtido a partir de uma nova solicita\u00e7\u00e3o.<\/p>\n<p><em>&#8220;Nas situa\u00e7\u00f5es em que se fizer necess\u00e1rio o tratamento pr\u00e9-per\u00edcia para a cria\u00e7\u00e3o do requerimento no Sistema de Administra\u00e7\u00e3o de Benef\u00edcios por Incapacidade (SABI), ser\u00e1 criada automaticamente pelo Sistema a subtarefa &#8216;Pend\u00eancias Administrativas SABI&#8217;, que dever\u00e1 ser tratada e conclu\u00edda pelo servidor administrativo&#8221;, acrescenta a portaria.<\/em><\/p>\n<p>Cada benef\u00edcio concedido ter\u00e1 dura\u00e7\u00e3o m\u00e1xima de 90 dias. A portaria prev\u00ea a possibilidade de que novas solicita\u00e7\u00f5es sejam feitas de forma consecutiva.<\/p>\n<p><strong>Prova de vida<\/strong><\/p>\n<p>A partir de junho, os aposentados e pensionistas do Instituto Nacional do Seguro Social (INSS) que deixarem de realizar a prova de vida voltar\u00e3o a ter o benef\u00edcio cortado, informou o \u00f3rg\u00e3o. A exig\u00eancia estava suspensa desde mar\u00e7o de 2020, por causa da pandemia de covid-19.<\/p>\n<p>Inicialmente, a retomada da prova de vida estava prevista para maio, mas foi adiada em um m\u00eas pela Portaria 1.299 do Minist\u00e9rio da Economia.<\/p>\n<p>Em maio, ocorrer\u00e1 o bloqueio de 160 mil benefici\u00e1rios que deveriam ter feito a prova de vida em fevereiro de 2020, antes do in\u00edcio da pandemia. Estes devem ir \u00e0 ag\u00eancia regularizar a situa\u00e7\u00e3o. De mar\u00e7o de 2020 em diante, os prazos ser\u00e3o retomados de forma gradual, para evitar aglomera\u00e7\u00f5es nas ag\u00eancias banc\u00e1rias.<\/p>\n<p>Os benefici\u00e1rios escolhidos para a comprova\u00e7\u00e3o digital por reconhecimento facial e que n\u00e3o fizeram o procedimento no aplicativo Meu Gov.br ter\u00e3o o benef\u00edcio cortado neste m\u00eas. Neste caso, o desbloqueio do pagamento poder\u00e1 ser feito por reconhecimento facial no pr\u00f3prio aplicativo.<\/p>\n<p>Segundo o INSS, cerca de 340 mil pessoas selecionadas que fizeram a prova de vida digital nos \u00faltimos meses n\u00e3o correm o risco de ter o benef\u00edcio bloqueado.<\/p>\n<p>Fonte: Ag\u00eancia Brasil<\/p>\n","protected":false},"excerpt":{"rendered":"<p>Cada benef\u00edcio concedido ter\u00e1 dura\u00e7\u00e3o m\u00e1xima de 90 dias O Instituto Nacional do Seguro Social (INSS) traz hoje (17) no Di\u00e1rio Oficial da Uni\u00e3o (DOU)&#8230;<\/p>\n","protected":false},"author":1182,"featured_media":29325,"comment_status":"closed","ping_status":"closed","sticky":false,"template":"","format":"standard","meta":{"footnotes":""},"categories":[6],"tags":[420,2377,2751,4715,1839,2755,4636,1560,3952,4716],"class_list":["post-35166","post","type-post","status-publish","format-standard","has-post-thumbnail","hentry","category-noticias","tag-aposentados","tag-beneficio","tag-covid-19","tag-incapacidade","tag-inss","tag-pandemia","tag-pensionista","tag-portaria","tag-prova-de-vida","tag-temporario"],"_links":{"self":[{"href":"https:\/\/www.sincomam.org.br\/index.php\/wp-json\/wp\/v2\/posts\/35166","targetHints":{"allow":["GET"]}}],"collection":[{"href":"https:\/\/www.sincomam.org.br\/index.php\/wp-json\/wp\/v2\/posts"}],"about":[{"href":"https:\/\/www.sincomam.org.br\/index.php\/wp-json\/wp\/v2\/types\/post"}],"author":[{"embeddable":true,"href":"https:\/\/www.sincomam.org.br\/index.php\/wp-json\/wp\/v2\/users\/1182"}],"replies":[{"embeddable":true,"href":"https:\/\/www.sincomam.org.br\/index.php\/wp-json\/wp\/v2\/comments?post=35166"}],"version-history":[{"count":1,"href":"https:\/\/www.sincomam.org.br\/index.php\/wp-json\/wp\/v2\/posts\/35166\/revisions"}],"predecessor-version":[{"id":35167,"href":"https:\/\/www.sincomam.org.br\/index.php\/wp-json\/wp\/v2\/posts\/35166\/revisions\/35167"}],"wp:featuredmedia":[{"embeddable":true,"href":"https:\/\/www.sincomam.org.br\/index.php\/wp-json\/wp\/v2\/media\/29325"}],"wp:attachment":[{"href":"https:\/\/www.sincomam.org.br\/index.php\/wp-json\/wp\/v2\/media?parent=35166"}],"wp:term":[{"taxonomy":"category","embeddable":true,"href":"https:\/\/www.sincomam.org.br\/index.php\/wp-json\/wp\/v2\/categories?post=35166"},{"taxonomy":"post_tag","embeddable":true,"href":"https:\/\/www.sincomam.org.br\/index.php\/wp-json\/wp\/v2\/tags?post=35166"}],"curies":[{"name":"wp","href":"https:\/\/api.w.org\/{rel}","templated":true}]}}