{"id":35156,"date":"2021-05-14T12:01:12","date_gmt":"2021-05-14T15:01:12","guid":{"rendered":"http:\/\/www.sincomam.org.br\/?p=35156"},"modified":"2021-05-14T12:01:12","modified_gmt":"2021-05-14T15:01:12","slug":"novo-navio-de-assistencia-hospitalar-sera-batizado-de-anna-nery","status":"publish","type":"post","link":"https:\/\/www.sincomam.org.br\/index.php\/novo-navio-de-assistencia-hospitalar-sera-batizado-de-anna-nery\/","title":{"rendered":"Novo navio de assist\u00eancia hospitalar ser\u00e1 batizado de \u201cAnna Nery\u201d"},"content":{"rendered":"<p><strong><em>Na imagem, o projeto de constru\u00e7\u00e3o do NAsH \u201cAnna Nery\u201d\u00a0<\/em><\/strong><\/p>\n<p>A Marinha do Brasil informou que o novo Navio de Assist\u00eancia Hospitalar (NAsH) que ser\u00e1 empregado, a partir do 2\u00ba semestre de 2022, no atendimento e presta\u00e7\u00e3o de servi\u00e7os m\u00e9dico-hospitalares nos estados do Par\u00e1 e Amap\u00e1, ser\u00e1 batizado de \u201cAnna Nery\u201d (U-170), enfermeira que se voluntariou para ajudar os combatentes feridos da Guerra do Paraguai.<\/p>\n<p>Segundo a Marinha, a embarca\u00e7\u00e3o ter\u00e1 46,5 m de comprimento, 9,4 m de boca e 2,4 m de calado. O projeto do navio ainda prev\u00ea consult\u00f3rios m\u00e9dico, oftalmol\u00f3gico e odontol\u00f3gico, enfermarias, farm\u00e1cia\/paiol de rem\u00e9dios, al\u00e9m de laborat\u00f3rio de an\u00e1lise e sala cir\u00fargica para casos mais simples.<\/p>\n<p>A expectativa \u00e9 de que a constru\u00e7\u00e3o do NAsH gere novas oportunidades de emprego de forma direta e\/ou indireta, contribuindo para aumentar o poder aquisitivo das fam\u00edlias amazonenses.<\/p>\n<p>Em dezembro de 2020, a Marinha realizou a assinatura de dois Termos de Execu\u00e7\u00e3o Descentralizada com o Fundo Nacional de Sa\u00fade, no valor de R$ 14,5 milh\u00f5es, visando \u00e0 aquisi\u00e7\u00e3o de um navio de assist\u00eancia hospitalar e \u00e0 compra de equipamentos m\u00e9dicos e ambulatoriais.<\/p>\n<p>Fonte: MB<\/p>\n<p>Foto: divulga\u00e7\u00e3o Marinha<\/p>\n","protected":false},"excerpt":{"rendered":"<p>Na imagem, o projeto de constru\u00e7\u00e3o do NAsH \u201cAnna Nery\u201d\u00a0 A Marinha do Brasil informou que o novo Navio de Assist\u00eancia Hospitalar (NAsH) que ser\u00e1&#8230;<\/p>\n","protected":false},"author":1182,"featured_media":35157,"comment_status":"closed","ping_status":"closed","sticky":false,"template":"","format":"standard","meta":{"footnotes":""},"categories":[6],"tags":[248,3143,720,1038,3307,4712,1013,47,513,4713],"class_list":["post-35156","post","type-post","status-publish","format-standard","has-post-thumbnail","hentry","category-noticias","tag-amazonas","tag-assistencia","tag-atendimento","tag-batizado","tag-comunidade","tag-hospitalar","tag-marinha-do-brasil","tag-navio","tag-para","tag-anna-nery"],"_links":{"self":[{"href":"https:\/\/www.sincomam.org.br\/index.php\/wp-json\/wp\/v2\/posts\/35156","targetHints":{"allow":["GET"]}}],"collection":[{"href":"https:\/\/www.sincomam.org.br\/index.php\/wp-json\/wp\/v2\/posts"}],"about":[{"href":"https:\/\/www.sincomam.org.br\/index.php\/wp-json\/wp\/v2\/types\/post"}],"author":[{"embeddable":true,"href":"https:\/\/www.sincomam.org.br\/index.php\/wp-json\/wp\/v2\/users\/1182"}],"replies":[{"embeddable":true,"href":"https:\/\/www.sincomam.org.br\/index.php\/wp-json\/wp\/v2\/comments?post=35156"}],"version-history":[{"count":1,"href":"https:\/\/www.sincomam.org.br\/index.php\/wp-json\/wp\/v2\/posts\/35156\/revisions"}],"predecessor-version":[{"id":35158,"href":"https:\/\/www.sincomam.org.br\/index.php\/wp-json\/wp\/v2\/posts\/35156\/revisions\/35158"}],"wp:featuredmedia":[{"embeddable":true,"href":"https:\/\/www.sincomam.org.br\/index.php\/wp-json\/wp\/v2\/media\/35157"}],"wp:attachment":[{"href":"https:\/\/www.sincomam.org.br\/index.php\/wp-json\/wp\/v2\/media?parent=35156"}],"wp:term":[{"taxonomy":"category","embeddable":true,"href":"https:\/\/www.sincomam.org.br\/index.php\/wp-json\/wp\/v2\/categories?post=35156"},{"taxonomy":"post_tag","embeddable":true,"href":"https:\/\/www.sincomam.org.br\/index.php\/wp-json\/wp\/v2\/tags?post=35156"}],"curies":[{"name":"wp","href":"https:\/\/api.w.org\/{rel}","templated":true}]}}