{"id":35152,"date":"2021-05-14T11:34:57","date_gmt":"2021-05-14T14:34:57","guid":{"rendered":"http:\/\/www.sincomam.org.br\/?p=35152"},"modified":"2021-05-14T11:34:57","modified_gmt":"2021-05-14T14:34:57","slug":"senado-aprova-reducao-na-tarifa-de-energia-eletrica-por-5-anos","status":"publish","type":"post","link":"https:\/\/www.sincomam.org.br\/index.php\/senado-aprova-reducao-na-tarifa-de-energia-eletrica-por-5-anos\/","title":{"rendered":"Senado aprova redu\u00e7\u00e3o na tarifa de energia el\u00e9trica por 5 anos"},"content":{"rendered":"<p><strong><em>Projeto ainda passar\u00e1 pela C\u00e2mara dos Deputados<\/em><\/strong><\/p>\n<p>O Senado aprovou nesta quinta-feira (13) um projeto que prop\u00f5e a redu\u00e7\u00e3o de tarifas de energia el\u00e9trica por cinco anos. Essa redu\u00e7\u00e3o na tarifa ocorreria gra\u00e7as ao reembolso de tributos recolhidos indevidamente pelas empresas distribuidoras de energia el\u00e9trica. O projeto segue para an\u00e1lise da C\u00e2mara dos Deputados.<\/p>\n<p>O PL prop\u00f5e que os tributos indevidamente recolhidos pelas distribuidoras de energia no passado sejam devolvidos ao consumidor em forma de redu\u00e7\u00e3o na tarifa. Esse recolhimento de recursos ser\u00e1 poss\u00edvel gra\u00e7as a uma decis\u00e3o do Supremo Tribunal Federal (STF).<\/p>\n<p>Nessa decis\u00e3o, o STF entendeu que o Imposto sobre Circula\u00e7\u00e3o de Mercadorias e Servi\u00e7os (ICMS) cobrado \u00e0s distribuidoras de energia el\u00e9trica, e repassado aos consumidores, n\u00e3o deve compor a base de c\u00e1lculo da Contribui\u00e7\u00e3o para Financiamento da Seguridade Social (Cofins) e do Programa de Integra\u00e7\u00e3o Social (PIS).<\/p>\n<p>Segundo o relator da mat\u00e9ria, Zequinha Marinho (PSC-PA), acordos de ressarcimento desses valores com o Estado e a Ag\u00eancia Nacional de Energia El\u00e9trica (Aneel) v\u00eam sendo discutidos. \u201cA Aneel j\u00e1 anunciou que, em decorr\u00eancia dessa decis\u00e3o, est\u00e3o em jogo cerca de R$ 50,1 bilh\u00f5es, considerando todo o pa\u00eds, que poderiam proporcionar descontos m\u00e9dios da ordem de 3% no valor de faturas emitidas\u201d, afirmou Marinho em seu parecer.<\/p>\n<p><em>\u201cAl\u00e9m disso, a Ag\u00eancia sinalizou que pensa em abater tais valores de aumentos futuros nas tarifas de energia el\u00e9trica, que s\u00e3o previstos contratualmente entre os Estados e as concession\u00e1rias\u201d, acrescentou o relator.<\/em><\/p>\n<p>Fonte: Ag\u00eancia Brasil<\/p>\n<p>Foto: divulga\u00e7\u00e3o<\/p>\n","protected":false},"excerpt":{"rendered":"<p>Projeto ainda passar\u00e1 pela C\u00e2mara dos Deputados O Senado aprovou nesta quinta-feira (13) um projeto que prop\u00f5e a redu\u00e7\u00e3o de tarifas de energia el\u00e9trica por&#8230;<\/p>\n","protected":false},"author":1182,"featured_media":5319,"comment_status":"closed","ping_status":"closed","sticky":false,"template":"","format":"standard","meta":{"footnotes":""},"categories":[6],"tags":[818,61,2751,1076,424,2755,767,924,3509],"class_list":["post-35152","post","type-post","status-publish","format-standard","has-post-thumbnail","hentry","category-noticias","tag-aprovacao","tag-brasil","tag-covid-19","tag-eletrica","tag-energia","tag-pandemia","tag-reducao","tag-senado","tag-tarifa"],"_links":{"self":[{"href":"https:\/\/www.sincomam.org.br\/index.php\/wp-json\/wp\/v2\/posts\/35152","targetHints":{"allow":["GET"]}}],"collection":[{"href":"https:\/\/www.sincomam.org.br\/index.php\/wp-json\/wp\/v2\/posts"}],"about":[{"href":"https:\/\/www.sincomam.org.br\/index.php\/wp-json\/wp\/v2\/types\/post"}],"author":[{"embeddable":true,"href":"https:\/\/www.sincomam.org.br\/index.php\/wp-json\/wp\/v2\/users\/1182"}],"replies":[{"embeddable":true,"href":"https:\/\/www.sincomam.org.br\/index.php\/wp-json\/wp\/v2\/comments?post=35152"}],"version-history":[{"count":1,"href":"https:\/\/www.sincomam.org.br\/index.php\/wp-json\/wp\/v2\/posts\/35152\/revisions"}],"predecessor-version":[{"id":35153,"href":"https:\/\/www.sincomam.org.br\/index.php\/wp-json\/wp\/v2\/posts\/35152\/revisions\/35153"}],"wp:featuredmedia":[{"embeddable":true,"href":"https:\/\/www.sincomam.org.br\/index.php\/wp-json\/wp\/v2\/media\/5319"}],"wp:attachment":[{"href":"https:\/\/www.sincomam.org.br\/index.php\/wp-json\/wp\/v2\/media?parent=35152"}],"wp:term":[{"taxonomy":"category","embeddable":true,"href":"https:\/\/www.sincomam.org.br\/index.php\/wp-json\/wp\/v2\/categories?post=35152"},{"taxonomy":"post_tag","embeddable":true,"href":"https:\/\/www.sincomam.org.br\/index.php\/wp-json\/wp\/v2\/tags?post=35152"}],"curies":[{"name":"wp","href":"https:\/\/api.w.org\/{rel}","templated":true}]}}