{"id":35135,"date":"2021-05-13T11:16:05","date_gmt":"2021-05-13T14:16:05","guid":{"rendered":"http:\/\/www.sincomam.org.br\/?p=35135"},"modified":"2021-05-13T11:16:05","modified_gmt":"2021-05-13T14:16:05","slug":"petrobras-aumenta-exportacao-de-oleo-pelo-porto-do-acu","status":"publish","type":"post","link":"https:\/\/www.sincomam.org.br\/index.php\/petrobras-aumenta-exportacao-de-oleo-pelo-porto-do-acu\/","title":{"rendered":"Petrobras aumenta exporta\u00e7\u00e3o de \u00f3leo pelo Porto do A\u00e7u"},"content":{"rendered":"<p><em><strong>Petrobras vai aumentar volumes de exporta\u00e7\u00e3o de petr\u00f3leo pelo Porto do A\u00e7u, em S\u00e3o Jo\u00e3o da Barra (RJ)<\/strong><\/em><\/p>\n<p>A A\u00e7u Petr\u00f3leo, joint venture entre a Prumo Log\u00edstica e a alem\u00e3 Oiltanking, assinou contrato com a Petrobras que vai mais do que dobrar o volume de \u00f3leo exportado pela petroleira no terminal do Porto do A\u00e7u. O acordo, fechado em abril, prev\u00ea o escoamento de at\u00e9 240 milh\u00f5es de barris de petr\u00f3leo, cerca de 300 mil barris por dia (barris\/dia), em dois anos no terminal, em S\u00e3o Jo\u00e3o da Barra (RJ).<\/p>\n<p>A Petrobras exporta parte da produ\u00e7\u00e3o pelo porto no norte fluminense desde 2019. De acordo com Victor Bomfim, presidente da A\u00e7u Petr\u00f3leo, a exporta\u00e7\u00e3o do petr\u00f3leo brasileiro tem crescido a um ritmo de 20% a 30% ao ano desde 2018, com destaque para as vendas para o Oriente, com a China como destino principal.<\/p>\n<p>Nesse contexto, a A\u00e7u Petr\u00f3leo se prepara para capacitar seu terminal com um parque de estocagem de petr\u00f3leo e para fazer uma conex\u00e3o dutovi\u00e1ria \u00e0 malha de escoamento do Estado do Rio. A previs\u00e3o \u00e9 de investimentos da ordem de R$ 2,5 bilh\u00f5es. As obras devem come\u00e7ar no segundo semestre.<\/p>\n<p>Bomfim lembra que o Brasil tem hoje um parque de tancagem insuficiente para dar conta do aumento da produ\u00e7\u00e3o nacional de petr\u00f3leo, que deve chegar a 5 milh\u00f5es de barris\/dia em 2028, segundo proje\u00e7\u00f5es da Empresa de Pesquisa Energ\u00e9tica (EPE).<\/p>\n<p>Hoje, a A\u00e7u Petr\u00f3leo tem capacidade para movimentar at\u00e9 1,2 milh\u00e3o de barris\/dia de petr\u00f3leo, com possibilidade de expans\u00e3o para 2 milh\u00f5es de barris\/dia. A expectativa \u00e9 que o terminal tenha capacidade de tancagem de 5,7 milh\u00f5es de barris, com in\u00edcio das opera\u00e7\u00f5es entre o fim de 2023 e o in\u00edcio de 2024.<\/p>\n<p><em>\u201cNa pandemia, faltou estocagem. Comparado com outros pa\u00edses exportadores, o Brasil \u00e9 o que tem a menor capacidade de tancagem, existe uma demanda enorme reprimida\u201d, afirma Bomfim.<\/em><\/p>\n<p>Atualmente, o Brasil exporta cerca de 1,3 milh\u00e3o de barris\/dia. A previs\u00e3o da EPE \u00e9 que em 2030 o pa\u00eds se torne um dos cinco maiores exportadores de petr\u00f3leo do mundo, com 65% de sua produ\u00e7\u00e3o vendida para o mercado externo.<\/p>\n<p>Uma maior capacidade de tancagem permitiria \u00e0s petroleiras fazer a mistura ou tratamento do petr\u00f3leo antes de exportar, aumentando a qualidade do produto final. \u201cA tancagem permite melhorar e otimizar muito a log\u00edstica de exporta\u00e7\u00e3o. H\u00e1 uma necessidade muito grande de que a ind\u00fastria e o pa\u00eds se preparem e tenham infraestrutura log\u00edstica para fazer frente ao aumento da produ\u00e7\u00e3o\u201d, defende Bomfim.<\/p>\n<p>No momento, a exporta\u00e7\u00e3o brasileira \u00e9 feita principalmente por meio do transbordo em embarca\u00e7\u00f5es, sem necessidade de constru\u00e7\u00e3o de infraestrutura em terra. O A\u00e7u \u00e9 respons\u00e1vel por 25% das exporta\u00e7\u00f5es de petr\u00f3leo do pa\u00eds, participa\u00e7\u00e3o de mercado que deve crescer com o novo contrato assinado com a Petrobras.<\/p>\n<p>Segundo Bomfim, a A\u00e7u Petr\u00f3leo teve alta de 50% nos volumes movimentados no primeiro trimestre de 2021, em rela\u00e7\u00e3o a igual per\u00edodo de 2020. \u201cO \u00f3leo do pr\u00e9-sal est\u00e1 sendo muito bem recebido e tem tido uma valoriza\u00e7\u00e3o grande, devido ao seu baixo teor de enxofre\u201d, afirma.<\/p>\n<p>O A\u00e7u se beneficia das vendas do petr\u00f3leo brasileiro para o Oriente, pois \u00e9 o \u00fanico terminal privado do pa\u00eds capaz de receber navios do tipo Very Large Crude Carrier (VLCC), modelo mais usado nas exporta\u00e7\u00f5es para a \u00c1sia.<\/p>\n<p>Al\u00e9m dos volumes que recebe da Petrobras, produzidos principalmente no pr\u00e9-sal na Bacia de Santos, a A\u00e7u Petr\u00f3leo tem acordos para receber a produ\u00e7\u00e3o brasileira das petroleiras Shell, Total, Galp e Equinor.<\/p>\n<p>O presidente da A\u00e7u Petr\u00f3leo lembra que a diversidade de contratos \u00e9 fruto da amplia\u00e7\u00e3o do n\u00famero de companhias privadas no setor de explora\u00e7\u00e3o e produ\u00e7\u00e3o brasileiro nos \u00faltimos anos. \u201cEstar \u00e0 frente de uma empresa em que a Petrobras \u00e9 uma cliente muito importante, mas que n\u00e3o \u00e9 a \u00fanica, d\u00e1 muita robustez ao neg\u00f3cio. A ind\u00fastria mudou muito, para melhor&#8221; diz Bomfim.<\/p>\n<p>Segundo o executivo, o crescimento dos volumes de petr\u00f3leo movimentados pela A\u00e7u Petr\u00f3leo nos \u00faltimos anos e, consequentemente, a alta nas receitas da empresa, coloca a companhia em um perfil adequado para a abertura de capital. A A\u00e7u Petr\u00f3leo registrou em 2020 o pedido para a oferta inicial de a\u00e7\u00f5es (IPO, na sigla em ingl\u00eas), mas optou por adiar a opera\u00e7\u00e3o, para aguardar uma melhor conjuntura de mercado.<\/p>\n<p>Bomfim acredita que a oferta possa ocorrer entre o \u00faltimo trimestre de 2021 e o come\u00e7o de 2022. O valor levantado no IPO deve ajudar a financiar parte das obras previstas para a constru\u00e7\u00e3o da capacidade de tancagem no terminal. Outra parte do valor deve vir de financiamentos com bancos nacionais ou estrangeiros.<\/p>\n<p><em>\u201cN\u00e3o s\u00e3o poucas as linhas de financiamento para um projeto de infraestrutura com essas caracter\u00edsticas, extremamente estrat\u00e9gico, num mercado crescente. Existem \u00f3rg\u00e3os de fomento no Brasil e no exterior que podem nos ajudar, al\u00e9m do capital pr\u00f3prio da A\u00e7u Petr\u00f3leo&#8221;, afirma Bomfim.<\/em><\/p>\n<p>Fonte: Valor Econ\u00f4mico<\/p>\n","protected":false},"excerpt":{"rendered":"<p>Petrobras vai aumentar volumes de exporta\u00e7\u00e3o de petr\u00f3leo pelo Porto do A\u00e7u, em S\u00e3o Jo\u00e3o da Barra (RJ) A A\u00e7u Petr\u00f3leo, joint venture entre a&#8230;<\/p>\n","protected":false},"author":1182,"featured_media":7425,"comment_status":"closed","ping_status":"closed","sticky":false,"template":"","format":"standard","meta":{"footnotes":""},"categories":[6],"tags":[151,58,78,501],"class_list":["post-35135","post","type-post","status-publish","format-standard","has-post-thumbnail","hentry","category-noticias","tag-exportacao","tag-petrobras","tag-petroleo","tag-porto-do-acu"],"_links":{"self":[{"href":"https:\/\/www.sincomam.org.br\/index.php\/wp-json\/wp\/v2\/posts\/35135","targetHints":{"allow":["GET"]}}],"collection":[{"href":"https:\/\/www.sincomam.org.br\/index.php\/wp-json\/wp\/v2\/posts"}],"about":[{"href":"https:\/\/www.sincomam.org.br\/index.php\/wp-json\/wp\/v2\/types\/post"}],"author":[{"embeddable":true,"href":"https:\/\/www.sincomam.org.br\/index.php\/wp-json\/wp\/v2\/users\/1182"}],"replies":[{"embeddable":true,"href":"https:\/\/www.sincomam.org.br\/index.php\/wp-json\/wp\/v2\/comments?post=35135"}],"version-history":[{"count":1,"href":"https:\/\/www.sincomam.org.br\/index.php\/wp-json\/wp\/v2\/posts\/35135\/revisions"}],"predecessor-version":[{"id":35136,"href":"https:\/\/www.sincomam.org.br\/index.php\/wp-json\/wp\/v2\/posts\/35135\/revisions\/35136"}],"wp:featuredmedia":[{"embeddable":true,"href":"https:\/\/www.sincomam.org.br\/index.php\/wp-json\/wp\/v2\/media\/7425"}],"wp:attachment":[{"href":"https:\/\/www.sincomam.org.br\/index.php\/wp-json\/wp\/v2\/media?parent=35135"}],"wp:term":[{"taxonomy":"category","embeddable":true,"href":"https:\/\/www.sincomam.org.br\/index.php\/wp-json\/wp\/v2\/categories?post=35135"},{"taxonomy":"post_tag","embeddable":true,"href":"https:\/\/www.sincomam.org.br\/index.php\/wp-json\/wp\/v2\/tags?post=35135"}],"curies":[{"name":"wp","href":"https:\/\/api.w.org\/{rel}","templated":true}]}}