{"id":35128,"date":"2021-05-13T11:00:34","date_gmt":"2021-05-13T14:00:34","guid":{"rendered":"http:\/\/www.sincomam.org.br\/?p=35128"},"modified":"2021-05-13T11:09:50","modified_gmt":"2021-05-13T14:09:50","slug":"lei-que-determina-afastamento-de-gestante-na-pandemia-e-sancionada","status":"publish","type":"post","link":"https:\/\/www.sincomam.org.br\/index.php\/lei-que-determina-afastamento-de-gestante-na-pandemia-e-sancionada\/","title":{"rendered":"Lei que determina afastamento de gestante na pandemia \u00e9 sancionada"},"content":{"rendered":"<p><em><strong>Funcion\u00e1ria nessa condi\u00e7\u00e3o dever\u00e1 permanecer em teletrabalho<\/strong><\/em><\/p>\n<p>O presidente Jair Bolsonaro sancionou nesta quarta-feira (12), a lei que que garante \u00e0 empregada gestante o afastamento do trabalho presencial durante o per\u00edodo da pandemia de covid-19, sem preju\u00edzo do recebimento do sal\u00e1rio. <img decoding=\"async\" src=\"https:\/\/agenciabrasil.ebc.com.br\/ebc.png?id=1409496&amp;o=node\" \/><img decoding=\"async\" src=\"https:\/\/agenciabrasil.ebc.com.br\/ebc.gif?id=1409496&amp;o=node\" \/><\/p>\n<p>O projeto de lei sobre o assunto, de autoria da deputada federal Perp\u00e9tua Almeida (PCdoB-AC), foi aprovado pelo Congresso Nacional no dia 15 de abril.<\/p>\n<p>Conforme o texto, a funcion\u00e1ria gestante dever\u00e1 permanecer \u00e0 disposi\u00e7\u00e3o do empregador em trabalho remoto at\u00e9 o fim do estado de emerg\u00eancia em sa\u00fade p\u00fablica.<\/p>\n<p>Fonte: Ag\u00eancia Brasil<\/p>\n<p><strong>Leia tamb\u00e9m: <a href=\"https:\/\/www.sincomam.org.br\/index.php\/anvisa-orienta-suspensao-de-vacina-da-astrazeneca-para-gravidas\/\" target=\"_blank\" rel=\"noopener\">Anvisa e Minist\u00e9rio suspendem vacina AstraZeneca para gestantes<\/a><\/strong><\/p>\n","protected":false},"excerpt":{"rendered":"<p>Funcion\u00e1ria nessa condi\u00e7\u00e3o dever\u00e1 permanecer em teletrabalho O presidente Jair Bolsonaro sancionou nesta quarta-feira (12), a lei que que garante \u00e0 empregada gestante o afastamento&#8230;<\/p>\n","protected":false},"author":1182,"featured_media":35130,"comment_status":"closed","ping_status":"closed","sticky":false,"template":"","format":"standard","meta":{"footnotes":""},"categories":[6],"tags":[1705,818,3771,2817,2752,2751,107,4602,1001,2755,367,517,3301,674],"class_list":["post-35128","post","type-post","status-publish","format-standard","has-post-thumbnail","hentry","category-noticias","tag-anvisa","tag-aprovacao","tag-astrazeneca","tag-calendario","tag-coronavirus","tag-covid-19","tag-empresa","tag-gestante","tag-lei","tag-pandemia","tag-projeto","tag-suspensao","tag-teletrabalho","tag-vacina"],"_links":{"self":[{"href":"https:\/\/www.sincomam.org.br\/index.php\/wp-json\/wp\/v2\/posts\/35128","targetHints":{"allow":["GET"]}}],"collection":[{"href":"https:\/\/www.sincomam.org.br\/index.php\/wp-json\/wp\/v2\/posts"}],"about":[{"href":"https:\/\/www.sincomam.org.br\/index.php\/wp-json\/wp\/v2\/types\/post"}],"author":[{"embeddable":true,"href":"https:\/\/www.sincomam.org.br\/index.php\/wp-json\/wp\/v2\/users\/1182"}],"replies":[{"embeddable":true,"href":"https:\/\/www.sincomam.org.br\/index.php\/wp-json\/wp\/v2\/comments?post=35128"}],"version-history":[{"count":2,"href":"https:\/\/www.sincomam.org.br\/index.php\/wp-json\/wp\/v2\/posts\/35128\/revisions"}],"predecessor-version":[{"id":35134,"href":"https:\/\/www.sincomam.org.br\/index.php\/wp-json\/wp\/v2\/posts\/35128\/revisions\/35134"}],"wp:featuredmedia":[{"embeddable":true,"href":"https:\/\/www.sincomam.org.br\/index.php\/wp-json\/wp\/v2\/media\/35130"}],"wp:attachment":[{"href":"https:\/\/www.sincomam.org.br\/index.php\/wp-json\/wp\/v2\/media?parent=35128"}],"wp:term":[{"taxonomy":"category","embeddable":true,"href":"https:\/\/www.sincomam.org.br\/index.php\/wp-json\/wp\/v2\/categories?post=35128"},{"taxonomy":"post_tag","embeddable":true,"href":"https:\/\/www.sincomam.org.br\/index.php\/wp-json\/wp\/v2\/tags?post=35128"}],"curies":[{"name":"wp","href":"https:\/\/api.w.org\/{rel}","templated":true}]}}