{"id":35105,"date":"2021-05-12T10:08:07","date_gmt":"2021-05-12T13:08:07","guid":{"rendered":"http:\/\/www.sincomam.org.br\/?p=35105"},"modified":"2021-05-12T10:09:07","modified_gmt":"2021-05-12T13:09:07","slug":"35105","status":"publish","type":"post","link":"https:\/\/www.sincomam.org.br\/index.php\/35105\/","title":{"rendered":"Comandante da Marinha ministra Aula Inaugural na Escola de Aprendizes-Marinheiros do Esp\u00edrito Santo"},"content":{"rendered":"<p>O Comandante da Marinha, Almirante de Esquadra Almir Garnier Santos, acompanhado de comitiva, esteve na Escola de Aprendizes-Marinheiros do Esp\u00edrito Santo (EAMES), nesta segunda-feira (10), onde ministrou a Aula Inaugural da Turma November\/2021.<\/p>\n<p>Dirigindo-se aos alunos, o Almirante Garnier destacou que, na Marinha do Brasil, a forma\u00e7\u00e3o meritocr\u00e1tica vai da base ao topo de sua pir\u00e2mide e incentivou os futuros marinheiros a aperfei\u00e7oarem-se cada vez mais, mantendo o fogo sagrado, o empenho e a dedica\u00e7\u00e3o. \u201cSeja voc\u00ea um l\u00edder da sua gera\u00e7\u00e3o, do seu grupo. Seja um exemplo!\u201d, encorajou.<\/p>\n<p>Na ocasi\u00e3o, o Comandante da Marinha ainda visitou algumas estruturas da EAMES, com destaque para aquelas utilizadas no processo de forma\u00e7\u00e3o dos alunos, como: salas de aula, p\u00e1tio interno, alojamentos, gr\u00eamio e rancho. Ele enalteceu o estado de conserva\u00e7\u00e3o das instala\u00e7\u00f5es e a motiva\u00e7\u00e3o da tripula\u00e7\u00e3o.<\/p>\n<p>Fonte: MB<\/p>\n<p>Foto: divulga\u00e7\u00e3o Marinha<\/p>\n<p>&nbsp;<\/p>\n","protected":false},"excerpt":{"rendered":"<p>O Comandante da Marinha, Almirante de Esquadra Almir Garnier Santos, acompanhado de comitiva, esteve na Escola de Aprendizes-Marinheiros do Esp\u00edrito Santo (EAMES), nesta segunda-feira (10),&#8230;<\/p>\n","protected":false},"author":1182,"featured_media":35106,"comment_status":"closed","ping_status":"closed","sticky":false,"template":"","format":"standard","meta":{"footnotes":""},"categories":[6],"tags":[4711,2821,1168,1446,252,1013],"class_list":["post-35105","post","type-post","status-publish","format-standard","has-post-thumbnail","hentry","category-noticias","tag-almirante-de-esquadra-almir-garnier-santo","tag-aprendizes-marinheiros","tag-comandante","tag-escola","tag-espirito-santo","tag-marinha-do-brasil"],"_links":{"self":[{"href":"https:\/\/www.sincomam.org.br\/index.php\/wp-json\/wp\/v2\/posts\/35105","targetHints":{"allow":["GET"]}}],"collection":[{"href":"https:\/\/www.sincomam.org.br\/index.php\/wp-json\/wp\/v2\/posts"}],"about":[{"href":"https:\/\/www.sincomam.org.br\/index.php\/wp-json\/wp\/v2\/types\/post"}],"author":[{"embeddable":true,"href":"https:\/\/www.sincomam.org.br\/index.php\/wp-json\/wp\/v2\/users\/1182"}],"replies":[{"embeddable":true,"href":"https:\/\/www.sincomam.org.br\/index.php\/wp-json\/wp\/v2\/comments?post=35105"}],"version-history":[{"count":2,"href":"https:\/\/www.sincomam.org.br\/index.php\/wp-json\/wp\/v2\/posts\/35105\/revisions"}],"predecessor-version":[{"id":35109,"href":"https:\/\/www.sincomam.org.br\/index.php\/wp-json\/wp\/v2\/posts\/35105\/revisions\/35109"}],"wp:featuredmedia":[{"embeddable":true,"href":"https:\/\/www.sincomam.org.br\/index.php\/wp-json\/wp\/v2\/media\/35106"}],"wp:attachment":[{"href":"https:\/\/www.sincomam.org.br\/index.php\/wp-json\/wp\/v2\/media?parent=35105"}],"wp:term":[{"taxonomy":"category","embeddable":true,"href":"https:\/\/www.sincomam.org.br\/index.php\/wp-json\/wp\/v2\/categories?post=35105"},{"taxonomy":"post_tag","embeddable":true,"href":"https:\/\/www.sincomam.org.br\/index.php\/wp-json\/wp\/v2\/tags?post=35105"}],"curies":[{"name":"wp","href":"https:\/\/api.w.org\/{rel}","templated":true}]}}