{"id":35097,"date":"2021-05-12T09:43:55","date_gmt":"2021-05-12T12:43:55","guid":{"rendered":"http:\/\/www.sincomam.org.br\/?p=35097"},"modified":"2021-05-12T10:56:08","modified_gmt":"2021-05-12T13:56:08","slug":"portos-do-parana-investe-r-34-milhoes-em-saude-e-seguranca-do-trabalho","status":"publish","type":"post","link":"https:\/\/www.sincomam.org.br\/index.php\/portos-do-parana-investe-r-34-milhoes-em-saude-e-seguranca-do-trabalho\/","title":{"rendered":"Portos do Paran\u00e1 investe R$ 3,4 milh\u00f5es em sa\u00fade e seguran\u00e7a do trabalho"},"content":{"rendered":"<p>A empresa p\u00fablica Portos do Paran\u00e1 informou que assinou contrato exclusivo para a\u00e7\u00f5es de combate aos acidentes de trabalho. De acordo com a empresa, ser\u00e3o destinados R$ 3,4 milh\u00f5es ao longo dos pr\u00f3ximos 30 meses, com dez profissionais para atuar na fiscaliza\u00e7\u00e3o, treinamentos, monitoramento e relat\u00f3rios.<\/p>\n<p><em>\u201cNossa meta \u00e9 zerar os acidentes no Porto de Paranagu\u00e1. A atividade portu\u00e1ria \u00e9 de risco, mas sabemos, pela experi\u00eancia dos \u00faltimos anos, que \u00e9 poss\u00edvel torn\u00e1-la cada vez mais segura\u201d, destacou o diretor de Meio Ambiente, Jo\u00e3o Paulo Ribeiro Santanna.<\/em><\/p>\n<p>A escolha da empresa respons\u00e1vel se deu por licita\u00e7\u00e3o. A Paran\u00e1 Medicina Empresarial (PME) manter\u00e1 equipes 24 horas no porto paranaense. Liderada por um engenheiro de seguran\u00e7a do trabalho, a equipe tamb\u00e9m tem seis profissionais especializados, al\u00e9m de tr\u00eas na \u00e1rea administrativa.<\/p>\n<p><em>\u201cS\u00e3o atividades que j\u00e1 eram realizadas por empresa terceirizada, mas o contrato abrangia tanto a \u00e1rea de Sa\u00fade e Seguran\u00e7a do Trabalho, quanto de Meio Ambiente. Agora s\u00e3o empresas diferentes, que v\u00e3o atuar com dedica\u00e7\u00e3o total em suas atividades\u201d, disse o gerente de Sa\u00fade e Seguran\u00e7a do Trabalho da Portos do Paran\u00e1, Jos\u00e9 Sbravatti.<\/em><\/p>\n<p>Al\u00e9m dos funcion\u00e1rios terceirizados, a Portos do Paran\u00e1 conta com quatro t\u00e9cnicos de Seguran\u00e7a do Trabalho, um assessor especialista e um engenheiro de seguran\u00e7a.<\/p>\n<p>Foto: Claudio Neves\/Portos do Paran\u00e1 &#8211; Jose Vanderlei Seguran\u00e7a no Trabalho<\/p>\n","protected":false},"excerpt":{"rendered":"<p>A empresa p\u00fablica Portos do Paran\u00e1 informou que assinou contrato exclusivo para a\u00e7\u00f5es de combate aos acidentes de trabalho. De acordo com a empresa, ser\u00e3o&#8230;<\/p>\n","protected":false},"author":1182,"featured_media":35098,"comment_status":"closed","ping_status":"closed","sticky":false,"template":"","format":"standard","meta":{"footnotes":""},"categories":[6],"tags":[114,231,132,3922,3846,519,239,554],"class_list":["post-35097","post","type-post","status-publish","format-standard","has-post-thumbnail","hentry","category-noticias","tag-acidente","tag-fiscalizacao","tag-investimento","tag-portos-do-parana","tag-profissional","tag-saude","tag-seguranca","tag-trabalho"],"_links":{"self":[{"href":"https:\/\/www.sincomam.org.br\/index.php\/wp-json\/wp\/v2\/posts\/35097","targetHints":{"allow":["GET"]}}],"collection":[{"href":"https:\/\/www.sincomam.org.br\/index.php\/wp-json\/wp\/v2\/posts"}],"about":[{"href":"https:\/\/www.sincomam.org.br\/index.php\/wp-json\/wp\/v2\/types\/post"}],"author":[{"embeddable":true,"href":"https:\/\/www.sincomam.org.br\/index.php\/wp-json\/wp\/v2\/users\/1182"}],"replies":[{"embeddable":true,"href":"https:\/\/www.sincomam.org.br\/index.php\/wp-json\/wp\/v2\/comments?post=35097"}],"version-history":[{"count":1,"href":"https:\/\/www.sincomam.org.br\/index.php\/wp-json\/wp\/v2\/posts\/35097\/revisions"}],"predecessor-version":[{"id":35099,"href":"https:\/\/www.sincomam.org.br\/index.php\/wp-json\/wp\/v2\/posts\/35097\/revisions\/35099"}],"wp:featuredmedia":[{"embeddable":true,"href":"https:\/\/www.sincomam.org.br\/index.php\/wp-json\/wp\/v2\/media\/35098"}],"wp:attachment":[{"href":"https:\/\/www.sincomam.org.br\/index.php\/wp-json\/wp\/v2\/media?parent=35097"}],"wp:term":[{"taxonomy":"category","embeddable":true,"href":"https:\/\/www.sincomam.org.br\/index.php\/wp-json\/wp\/v2\/categories?post=35097"},{"taxonomy":"post_tag","embeddable":true,"href":"https:\/\/www.sincomam.org.br\/index.php\/wp-json\/wp\/v2\/tags?post=35097"}],"curies":[{"name":"wp","href":"https:\/\/api.w.org\/{rel}","templated":true}]}}