{"id":3509,"date":"2014-02-11T15:05:20","date_gmt":"2014-02-11T17:05:20","guid":{"rendered":"http:\/\/www.sincomam.org.br\/?p=3509"},"modified":"2014-03-07T17:52:31","modified_gmt":"2014-03-07T20:52:31","slug":"presidente-do-sincomam-se-reune-com-ministro-garibaldi","status":"publish","type":"post","link":"https:\/\/www.sincomam.org.br\/index.php\/presidente-do-sincomam-se-reune-com-ministro-garibaldi\/","title":{"rendered":"Presidente do SINCOMAM se re\u00fane com Ministro Garibaldi"},"content":{"rendered":"<p>O Presidente do SINCOMAM, Alcir da Costa Albernoz, e o Ministro da Previd\u00eancia Social, Garibaldi Alves Filho, reuniram-se no dia 28 de janeiro de 2014, em Bras\u00edlia, com o intuito de debater sobre a situa\u00e7\u00e3o dos representados aposentados do Sindicato. \u00a0<\/p>\n<p>Durante o encontro foi discutida a proposta de um poss\u00edvel\u00a0conv\u00eanio entre o SINCOMAM e a Previd\u00eancia Social. As quest\u00f5es\u00a0<a href=\"https:\/\/www.sincomam.org.br\/index.php\/presidente-do-sincomam-se-reune-com-ministro-garibaldi\/28_jan-marinha-mercante-017-copy\/\" rel=\"attachment wp-att-3516\"><img fetchpriority=\"high\" decoding=\"async\" src=\"https:\/\/www.sincomam.org.br\/wp-content\/uploads\/2014\/02\/28_JAN-Marinha-Mercante-017-copy-300x200.jpg\" alt=\"28_JAN - Marinha Mercante 017 copy\" width=\"300\" height=\"200\" class=\"alignleft size-medium wp-image-3516\" srcset=\"https:\/\/www.sincomam.org.br\/wp-content\/uploads\/2014\/02\/28_JAN-Marinha-Mercante-017-copy-300x200.jpg 300w, https:\/\/www.sincomam.org.br\/wp-content\/uploads\/2014\/02\/28_JAN-Marinha-Mercante-017-copy-1024x682.jpg 1024w\" sizes=\"(max-width: 300px) 100vw, 300px\" \/><\/a>apresentadas foram bem recebidas pelo Ministro Garibaldi Alves e demais representantes do Minist\u00e9rio, e devem ser analisadas.\u00a0Alcir Albernoz se mostrou otimista e aproveitou o momento para apresentar as a\u00e7\u00f5es que vem sendo realizadas na luta do SINCOMAM pela justi\u00e7a e direito dos associados. <br \/>O presidente do Sindicato tamb\u00e9m entregou ao Ministro a revista SINCOMAM (com distribui\u00e7\u00e3o nacional), que traz as principais informa\u00e7\u00f5es do setor mar\u00edtimo e portu\u00e1rio.\u00a0<\/p>\n<p>Na ocasi\u00e3o, Garibaldi agradeceu a presen\u00e7a de Alcir Albernoz e afirmou que ficou impressionado com o trabalho e a import\u00e2ncia dos Condutores de M\u00e1quinas nos navios mercantes brasileiros.\u00a0<\/p>\n<p>Por fim, o presidente do SINCOMAM agradeceu ao ministro da Previd\u00eancia pela reuni\u00e3o e o parabenizou pelo excelente trabalho realizado frente ao Minist\u00e9rio da Previd\u00eancia Social.<\/p>\n<p>Fotos:\u00a0Nicolas Gomes<\/p>\n","protected":false},"excerpt":{"rendered":"<p>O Presidente do SINCOMAM, Alcir da Costa Albernoz, e o Ministro da Previd\u00eancia Social, Garibaldi Alves Filho, reuniram-se no dia 28 de janeiro de 2014,&#8230;<\/p>\n","protected":false},"author":1182,"featured_media":3512,"comment_status":"closed","ping_status":"closed","sticky":false,"template":"","format":"standard","meta":{"footnotes":""},"categories":[6],"tags":[421,420,416,172,418,417,314,419,17],"class_list":["post-3509","post","type-post","status-publish","format-standard","has-post-thumbnail","hentry","category-noticias","tag-alcir-albernoz","tag-aposentados","tag-brasilia","tag-debate","tag-garibaldi-alves","tag-ministro","tag-presidente","tag-previdencia-social","tag-sincomam"],"_links":{"self":[{"href":"https:\/\/www.sincomam.org.br\/index.php\/wp-json\/wp\/v2\/posts\/3509","targetHints":{"allow":["GET"]}}],"collection":[{"href":"https:\/\/www.sincomam.org.br\/index.php\/wp-json\/wp\/v2\/posts"}],"about":[{"href":"https:\/\/www.sincomam.org.br\/index.php\/wp-json\/wp\/v2\/types\/post"}],"author":[{"embeddable":true,"href":"https:\/\/www.sincomam.org.br\/index.php\/wp-json\/wp\/v2\/users\/1182"}],"replies":[{"embeddable":true,"href":"https:\/\/www.sincomam.org.br\/index.php\/wp-json\/wp\/v2\/comments?post=3509"}],"version-history":[{"count":18,"href":"https:\/\/www.sincomam.org.br\/index.php\/wp-json\/wp\/v2\/posts\/3509\/revisions"}],"predecessor-version":[{"id":4050,"href":"https:\/\/www.sincomam.org.br\/index.php\/wp-json\/wp\/v2\/posts\/3509\/revisions\/4050"}],"wp:featuredmedia":[{"embeddable":true,"href":"https:\/\/www.sincomam.org.br\/index.php\/wp-json\/wp\/v2\/media\/3512"}],"wp:attachment":[{"href":"https:\/\/www.sincomam.org.br\/index.php\/wp-json\/wp\/v2\/media?parent=3509"}],"wp:term":[{"taxonomy":"category","embeddable":true,"href":"https:\/\/www.sincomam.org.br\/index.php\/wp-json\/wp\/v2\/categories?post=3509"},{"taxonomy":"post_tag","embeddable":true,"href":"https:\/\/www.sincomam.org.br\/index.php\/wp-json\/wp\/v2\/tags?post=3509"}],"curies":[{"name":"wp","href":"https:\/\/api.w.org\/{rel}","templated":true}]}}