{"id":35074,"date":"2021-05-11T10:34:02","date_gmt":"2021-05-11T13:34:02","guid":{"rendered":"http:\/\/www.sincomam.org.br\/?p=35074"},"modified":"2021-05-11T10:34:17","modified_gmt":"2021-05-11T13:34:17","slug":"segunda-etapa-da-campanha-de-vacinacao-contra-gripe-comeca-hoje","status":"publish","type":"post","link":"https:\/\/www.sincomam.org.br\/index.php\/segunda-etapa-da-campanha-de-vacinacao-contra-gripe-comeca-hoje\/","title":{"rendered":"Segunda etapa da campanha de vacina\u00e7\u00e3o contra gripe come\u00e7a hoje"},"content":{"rendered":"<p><strong><em>Trabalhadores portu\u00e1rios ser\u00e3o imunizados na terceira\u00a0 fase<\/em><\/strong><\/p>\n<p>A segunda etapa da Campanha Nacional de Vacina\u00e7\u00e3o contra a gripe influenza come\u00e7a hoje (11) e vai at\u00e9 o dia 8 de junho. Promovida pelo Minist\u00e9rio da Sa\u00fade em todo o territ\u00f3rio nacional, a campanha teve in\u00edcio no m\u00eas passado e a estimativa \u00e9 vacinar, no total, 79,7 milh\u00f5es de pessoas.<\/p>\n<p>A segunda etapa \u00e9 destinada a idosos com mais de 60 anos e professores. Cerca de 33 milh\u00f5es dever\u00e3o ser imunizados nesta fase.<\/p>\n<p>A terceira fase, entre 9 de junho e 9 de julho, abranger\u00e1 cerca de 22 milh\u00f5es de pessoas. Comp\u00f5em esse p\u00fablico-alvo integrantes das For\u00e7as Armadas, de seguran\u00e7a e de salvamento; pessoas com comorbidades, condi\u00e7\u00f5es cl\u00ednicas especiais ou com defici\u00eancia permanente; caminhoneiros; trabalhadores de transporte coletivo rodovi\u00e1rio; trabalhadores portu\u00e1rios; funcion\u00e1rios do sistema de priva\u00e7\u00e3o de liberdade; popula\u00e7\u00e3o privada de liberdade; e adolescentes em medidas socioeducativas.<\/p>\n<p>A campanha teve in\u00edcio no dia 12 de abril com a vacina\u00e7\u00e3o de crian\u00e7as entre seis meses e seis anos, povos ind\u00edgenas, trabalhadores da \u00e1rea da sa\u00fade, gestantes e mulheres pu\u00e9rperas (que est\u00e3o no per\u00edodo de at\u00e9 45 dias ap\u00f3s o parto).<\/p>\n<p><strong>Aten\u00e7\u00e3o:<\/strong> pessoas que tomaram a primeira ou a segunda dose da vacina contra a covid-19 devem esperar pelo menos 14 dias para tomar o imunizante contra a gripe.<\/p>\n<p>De acordo com o vacin\u00f4metro da campanha, j\u00e1 foram aplicadas 6,9 milh\u00f5es das 27, 3 milh\u00f5es de doses distribu\u00eddas a todos os estados.<\/p>\n<p>Fonte: Ag\u00eancia Brasil<\/p>\n<p>Foto: divulga\u00e7\u00e3o<\/p>\n","protected":false},"excerpt":{"rendered":"<p>Trabalhadores portu\u00e1rios ser\u00e3o imunizados na terceira\u00a0 fase A segunda etapa da Campanha Nacional de Vacina\u00e7\u00e3o contra a gripe influenza come\u00e7a hoje (11) e vai at\u00e9&#8230;<\/p>\n","protected":false},"author":1182,"featured_media":29316,"comment_status":"closed","ping_status":"closed","sticky":false,"template":"","format":"standard","meta":{"footnotes":""},"categories":[6],"tags":[61,858,983,3027,3569,1026,1538,674],"class_list":["post-35074","post","type-post","status-publish","format-standard","has-post-thumbnail","hentry","category-noticias","tag-brasil","tag-campanha","tag-gripe","tag-influenza","tag-ministerio-da-saude","tag-portuario","tag-trabalhador","tag-vacina"],"_links":{"self":[{"href":"https:\/\/www.sincomam.org.br\/index.php\/wp-json\/wp\/v2\/posts\/35074","targetHints":{"allow":["GET"]}}],"collection":[{"href":"https:\/\/www.sincomam.org.br\/index.php\/wp-json\/wp\/v2\/posts"}],"about":[{"href":"https:\/\/www.sincomam.org.br\/index.php\/wp-json\/wp\/v2\/types\/post"}],"author":[{"embeddable":true,"href":"https:\/\/www.sincomam.org.br\/index.php\/wp-json\/wp\/v2\/users\/1182"}],"replies":[{"embeddable":true,"href":"https:\/\/www.sincomam.org.br\/index.php\/wp-json\/wp\/v2\/comments?post=35074"}],"version-history":[{"count":2,"href":"https:\/\/www.sincomam.org.br\/index.php\/wp-json\/wp\/v2\/posts\/35074\/revisions"}],"predecessor-version":[{"id":35076,"href":"https:\/\/www.sincomam.org.br\/index.php\/wp-json\/wp\/v2\/posts\/35074\/revisions\/35076"}],"wp:featuredmedia":[{"embeddable":true,"href":"https:\/\/www.sincomam.org.br\/index.php\/wp-json\/wp\/v2\/media\/29316"}],"wp:attachment":[{"href":"https:\/\/www.sincomam.org.br\/index.php\/wp-json\/wp\/v2\/media?parent=35074"}],"wp:term":[{"taxonomy":"category","embeddable":true,"href":"https:\/\/www.sincomam.org.br\/index.php\/wp-json\/wp\/v2\/categories?post=35074"},{"taxonomy":"post_tag","embeddable":true,"href":"https:\/\/www.sincomam.org.br\/index.php\/wp-json\/wp\/v2\/tags?post=35074"}],"curies":[{"name":"wp","href":"https:\/\/api.w.org\/{rel}","templated":true}]}}