{"id":35072,"date":"2021-05-11T10:26:58","date_gmt":"2021-05-11T13:26:58","guid":{"rendered":"http:\/\/www.sincomam.org.br\/?p=35072"},"modified":"2021-05-11T10:26:58","modified_gmt":"2021-05-11T13:26:58","slug":"produtividade-na-industria-cai-25-no-primeiro-trimestre-diz-cni","status":"publish","type":"post","link":"https:\/\/www.sincomam.org.br\/index.php\/produtividade-na-industria-cai-25-no-primeiro-trimestre-diz-cni\/","title":{"rendered":"Produtividade na ind\u00fastria cai 2,5% no primeiro trimestre, diz CNI"},"content":{"rendered":"<p><strong><em>N\u00famero de horas trabalhadas aumentou em 1,9%<\/em><\/strong><\/p>\n<p>A produtividade do trabalho na ind\u00fastria brasileira caiu 2,5% no primeiro trimestre de 2021, na compara\u00e7\u00e3o com o \u00faltimo trimestre de 2020, segundo levantamento divulgado hoje (11) pela Confedera\u00e7\u00e3o Nacional da Ind\u00fastria (CNI). De acordo com a entidade, o n\u00famero de horas trabalhadas aumentou em 1,9%. Apesar deste aumento, foi registrada uma queda de 0,5% em termos de produ\u00e7\u00e3o.<\/p>\n<p>O \u00edndice de produtividade representa o volume produzido pela ind\u00fastria da transforma\u00e7\u00e3o dividido pela quantidade de horas trabalhadas. Segundo a CNI, a incerteza trazida pela pandemia est\u00e1 afetando a produtividade das empresas.<\/p>\n<p><em>\u201cSoma-se \u00e0 elevada incerteza, o desarranjo das cadeias produtivas, associado a: estoques ainda baixos, alta dos custos e aumento da escassez de insumos e mat\u00e9rias-primas\u201d, detalha a CNI ao informar que, desde o in\u00edcio da pandemia, os movimentos da produtividade do trabalho v\u00eam sendo influenciados \u201cprincipalmente pela conjuntura e n\u00e3o por mudan\u00e7as duradouras, como maior qualifica\u00e7\u00e3o do trabalho ou inova\u00e7\u00f5es tecnol\u00f3gicas\u201d.<\/em><\/p>\n<p>Ainda de acordo com a entidade, essas dificuldades afetam a capacidade de planejamento das empresas para estabelecer o ritmo de produ\u00e7\u00e3o. Al\u00e9m disso, o descompasso no primeiro trimestre, entre as horas trabalhadas e a produ\u00e7\u00e3o, foi influenciado pelo esgotamento dos prazos dos acordos celebrados em 2020, que permitiram adiantamento de f\u00e9rias, redu\u00e7\u00e3o de sal\u00e1rio e jornada e suspens\u00e3o do contrato de trabalho.<\/p>\n<p>Fonte: Ag\u00eancia Brasil<\/p>\n<p>Foto: divulga\u00e7\u00e3o<\/p>\n","protected":false},"excerpt":{"rendered":"<p>N\u00famero de horas trabalhadas aumentou em 1,9% A produtividade do trabalho na ind\u00fastria brasileira caiu 2,5% no primeiro trimestre de 2021, na compara\u00e7\u00e3o com o&#8230;<\/p>\n","protected":false},"author":1182,"featured_media":8172,"comment_status":"closed","ping_status":"closed","sticky":false,"template":"","format":"standard","meta":{"footnotes":""},"categories":[6],"tags":[61,2966,2751,68,2755,3029,1051],"class_list":["post-35072","post","type-post","status-publish","format-standard","has-post-thumbnail","hentry","category-noticias","tag-brasil","tag-cni","tag-covid-19","tag-industria","tag-pandemia","tag-produtividade","tag-queda"],"_links":{"self":[{"href":"https:\/\/www.sincomam.org.br\/index.php\/wp-json\/wp\/v2\/posts\/35072","targetHints":{"allow":["GET"]}}],"collection":[{"href":"https:\/\/www.sincomam.org.br\/index.php\/wp-json\/wp\/v2\/posts"}],"about":[{"href":"https:\/\/www.sincomam.org.br\/index.php\/wp-json\/wp\/v2\/types\/post"}],"author":[{"embeddable":true,"href":"https:\/\/www.sincomam.org.br\/index.php\/wp-json\/wp\/v2\/users\/1182"}],"replies":[{"embeddable":true,"href":"https:\/\/www.sincomam.org.br\/index.php\/wp-json\/wp\/v2\/comments?post=35072"}],"version-history":[{"count":1,"href":"https:\/\/www.sincomam.org.br\/index.php\/wp-json\/wp\/v2\/posts\/35072\/revisions"}],"predecessor-version":[{"id":35073,"href":"https:\/\/www.sincomam.org.br\/index.php\/wp-json\/wp\/v2\/posts\/35072\/revisions\/35073"}],"wp:featuredmedia":[{"embeddable":true,"href":"https:\/\/www.sincomam.org.br\/index.php\/wp-json\/wp\/v2\/media\/8172"}],"wp:attachment":[{"href":"https:\/\/www.sincomam.org.br\/index.php\/wp-json\/wp\/v2\/media?parent=35072"}],"wp:term":[{"taxonomy":"category","embeddable":true,"href":"https:\/\/www.sincomam.org.br\/index.php\/wp-json\/wp\/v2\/categories?post=35072"},{"taxonomy":"post_tag","embeddable":true,"href":"https:\/\/www.sincomam.org.br\/index.php\/wp-json\/wp\/v2\/tags?post=35072"}],"curies":[{"name":"wp","href":"https:\/\/api.w.org\/{rel}","templated":true}]}}