{"id":35068,"date":"2021-05-11T10:16:53","date_gmt":"2021-05-11T13:16:53","guid":{"rendered":"http:\/\/www.sincomam.org.br\/?p=35068"},"modified":"2021-05-11T10:16:53","modified_gmt":"2021-05-11T13:16:53","slug":"petrobras-anuncia-venda-de-campo-terrestre-em-sergipe","status":"publish","type":"post","link":"https:\/\/www.sincomam.org.br\/index.php\/petrobras-anuncia-venda-de-campo-terrestre-em-sergipe\/","title":{"rendered":"Petrobras anuncia venda de campo terrestre em Sergipe"},"content":{"rendered":"<p>A Petrobras informou, em comunicado ao mercado nesta segunda-feira (10), que assinou com a Petrom Produ\u00e7\u00e3o de Petr\u00f3leo &amp; G\u00e1s Ltda. (Petrom), contrato para a venda da totalidade de sua participa\u00e7\u00e3o de 50% no campo terrestre de Rabo Branco, na Bacia de Sergipe-Alagoas.<\/p>\n<p>Segundo a estatal, o valor da opera\u00e7\u00e3o foi de US$ 1,5 milh\u00e3o.<\/p>\n<p><em>\u201cEm 11 de dezembro de 2020, a Petrobras assinou com a Energizzi Energias do Brasil Ltda. (Energizzi) contrato de compra e venda da totalidade de sua participa\u00e7\u00e3o no campo de Rabo Branco, sendo uma das condi\u00e7\u00f5es precedentes para o fechamento da opera\u00e7\u00e3o o n\u00e3o exerc\u00edcio do direito de prefer\u00eancia pela operadora Petrom. Neste processo, a Petrom comunicou o exerc\u00edcio do seu direito de prefer\u00eancia \u00e0 Petrobras, o que acarretou a rescis\u00e3o do contrato de compra e venda com a Energizzi e na celebra\u00e7\u00e3o do contrato com a Petrom, nas mesmas condi\u00e7\u00f5es previamente estabelecidas\u201d, explicou a companhia, em comunicado.<\/em><\/p>\n<p><strong>Rabo Branco<\/strong><\/p>\n<p>O campo terrestre de Rabo Branco faz parte da concess\u00e3o BT-SEAL-13, localizada ao sul do campo de Carm\u00f3polis, na Bacia de Sergipe-Alagoas, no Estado de Sergipe. A produ\u00e7\u00e3o m\u00e9dia do campo, no ano de 2020, foi de 131 bpd. A Petrobras possui 50% de participa\u00e7\u00e3o, em parceria com a Petrom.<\/p>\n","protected":false},"excerpt":{"rendered":"<p>A Petrobras informou, em comunicado ao mercado nesta segunda-feira (10), que assinou com a Petrom Produ\u00e7\u00e3o de Petr\u00f3leo &amp; G\u00e1s Ltda. (Petrom), contrato para a&#8230;<\/p>\n","protected":false},"author":1182,"featured_media":28309,"comment_status":"closed","ping_status":"closed","sticky":false,"template":"","format":"standard","meta":{"footnotes":""},"categories":[6],"tags":[255,53,58,4709,4710,1195,3673,71],"class_list":["post-35068","post","type-post","status-publish","format-standard","has-post-thumbnail","hentry","category-noticias","tag-alagoas","tag-campo","tag-petrobras","tag-petrom","tag-rabo-branco","tag-sergipe","tag-terrestre","tag-venda"],"_links":{"self":[{"href":"https:\/\/www.sincomam.org.br\/index.php\/wp-json\/wp\/v2\/posts\/35068","targetHints":{"allow":["GET"]}}],"collection":[{"href":"https:\/\/www.sincomam.org.br\/index.php\/wp-json\/wp\/v2\/posts"}],"about":[{"href":"https:\/\/www.sincomam.org.br\/index.php\/wp-json\/wp\/v2\/types\/post"}],"author":[{"embeddable":true,"href":"https:\/\/www.sincomam.org.br\/index.php\/wp-json\/wp\/v2\/users\/1182"}],"replies":[{"embeddable":true,"href":"https:\/\/www.sincomam.org.br\/index.php\/wp-json\/wp\/v2\/comments?post=35068"}],"version-history":[{"count":1,"href":"https:\/\/www.sincomam.org.br\/index.php\/wp-json\/wp\/v2\/posts\/35068\/revisions"}],"predecessor-version":[{"id":35069,"href":"https:\/\/www.sincomam.org.br\/index.php\/wp-json\/wp\/v2\/posts\/35068\/revisions\/35069"}],"wp:featuredmedia":[{"embeddable":true,"href":"https:\/\/www.sincomam.org.br\/index.php\/wp-json\/wp\/v2\/media\/28309"}],"wp:attachment":[{"href":"https:\/\/www.sincomam.org.br\/index.php\/wp-json\/wp\/v2\/media?parent=35068"}],"wp:term":[{"taxonomy":"category","embeddable":true,"href":"https:\/\/www.sincomam.org.br\/index.php\/wp-json\/wp\/v2\/categories?post=35068"},{"taxonomy":"post_tag","embeddable":true,"href":"https:\/\/www.sincomam.org.br\/index.php\/wp-json\/wp\/v2\/tags?post=35068"}],"curies":[{"name":"wp","href":"https:\/\/api.w.org\/{rel}","templated":true}]}}