{"id":35066,"date":"2021-05-11T10:08:05","date_gmt":"2021-05-11T13:08:05","guid":{"rendered":"http:\/\/www.sincomam.org.br\/?p=35066"},"modified":"2021-05-13T10:57:41","modified_gmt":"2021-05-13T13:57:41","slug":"anvisa-orienta-suspensao-de-vacina-da-astrazeneca-para-gravidas","status":"publish","type":"post","link":"https:\/\/www.sincomam.org.br\/index.php\/anvisa-orienta-suspensao-de-vacina-da-astrazeneca-para-gravidas\/","title":{"rendered":"Anvisa orienta suspens\u00e3o de vacina da AstraZeneca para gr\u00e1vidas"},"content":{"rendered":"<p><strong><em>Gr\u00e1vidas podem tomar, at\u00e9 o momento, as vacinas CoronaVac e Pfizer contra a Covid-19<\/em><\/strong><\/p>\n<p>A Ag\u00eancia Nacional de Vigil\u00e2ncia Sanit\u00e1ria (Anvisa) recomendou a suspens\u00e3o imediata do uso da vacina contra a Covid-19 da AstraZeneca\/Fiocruz para mulheres gestantes. \u00a0A orienta\u00e7\u00e3o est\u00e1 em Nota T\u00e9cnica emitida pela Ag\u00eancia, publicada nesta segunda-feira (10).<\/p>\n<p>A orienta\u00e7\u00e3o da Anvisa \u00e9 que a indica\u00e7\u00e3o da bula da vacina AstraZeneca seja seguida pelo Programa Nacional de Imuniza\u00e7\u00e3o (PNI), do Minist\u00e9rio da Sa\u00fade. De acordo com informa\u00e7\u00f5es da ag\u00eancia, a recomenda\u00e7\u00e3o \u00e9 resultado do monitoramento de eventos adversos feito de forma constante sobre as vacinas contra Covid-19 em uso no pa\u00eds.<\/p>\n<p><em>\u201cO uso off label de vacinas, ou seja, em situa\u00e7\u00f5es n\u00e3o previstas na bula, s\u00f3 deve ser feito mediante avalia\u00e7\u00e3o individual por um profissional de sa\u00fade que considere os riscos e benef\u00edcios da vacina para a paciente. A bula atual da vacina contra a covid-19 da AstraZeneca n\u00e3o recomenda o uso da vacina sem orienta\u00e7\u00e3o m\u00e9dica\u201d, ressaltou a Anvisa, em nota.<\/em><\/p>\n<p>A vacina vinha sendo usada em gestantes com comorbidades. A Anvisa informou que podem ser aplicadas nas gr\u00e1vidas as vacinas CoronaVac e Pfizer.<\/p>\n<p><strong>Minist\u00e9rio da Sa\u00fade<\/strong><\/p>\n<p>Ap\u00f3s a Ag\u00eancia Nacional de Vigil\u00e2ncia Sanit\u00e1ria (Anvisa) orientar a suspens\u00e3o da vacina\u00e7\u00e3o de gestantes com o imunizante Oxford\/AstraZeneca,\u00a0o Minist\u00e9rio da Sa\u00fade confirmou nesta ter\u00e7a-feira (11) a suspens\u00e3o para este segmento e para pu\u00e9rperas com o imunizante da marca.<img decoding=\"async\" src=\"https:\/\/agenciabrasil.ebc.com.br\/ebc.png?id=1409342&amp;o=node\" \/><img decoding=\"async\" src=\"https:\/\/agenciabrasil.ebc.com.br\/ebc.gif?id=1409342&amp;o=node\" \/><\/p>\n<p>No caso das vacinas Coronavac e da Pfizer, o Minist\u00e9rio autoriza o uso apenas nos casos de mulheres com comorbidades. Aquelas que n\u00e3o apresentarem condi\u00e7\u00f5es de sa\u00fade enquadradas nesta categoria n\u00e3o dever\u00e3o ser imunizadas.<\/p>\n<p><strong>Rio de Janeiro<\/strong><\/p>\n<p>A Secretaria Municipal de Sa\u00fade do Rio de Janeiro decidiu suspender a vacina\u00e7\u00e3o de gestantes e pu\u00e9rperas na cidade at\u00e9 que \u201ca investiga\u00e7\u00e3o do caso de evento adverso em gestante seja finalizada pelo Minist\u00e9rio da Sa\u00fade e o Programa Nacional de Imuniza\u00e7\u00f5es se pronuncie\u201d.<\/p>\n<p><strong>S\u00e3o Paulo<\/strong><\/p>\n<p>Devido a essa orienta\u00e7\u00e3o da Anvisa, a prefeitura de S\u00e3o Paulo suspendeu preventivamente a aplica\u00e7\u00e3o de vacinas contra covid-19 da AstraZeneca\/Fiocruz para gestantes. A suspens\u00e3o ser\u00e1 mantida at\u00e9 que ocorra uma nova orienta\u00e7\u00e3o por meio do PNI.<\/p>\n<p>A vacina\u00e7\u00e3o contra a covid-19 permanece em andamento e ganhou novos p\u00fablicos eleg\u00edveis nesta ter\u00e7a-feira (11): metrovi\u00e1rios, ferrovi\u00e1rios, m\u00e3es de rec\u00e9m-nascidos com comorbidades e pessoas com defici\u00eancia permanente inscritos no Benef\u00edcio de Presta\u00e7\u00e3o Continuada (entre 55 e 59 anos).<\/p>\n<p><strong>OMS<\/strong><\/p>\n<p>A Organiza\u00e7\u00e3o Mundial da Sa\u00fade (OMS) alertou, em documento publicado no m\u00eas de abril, que a vacina\u00e7\u00e3o para mulheres gr\u00e1vidas deve ser considerada individualmente ap\u00f3s consulta com o m\u00e9dico. A organiza\u00e7\u00e3o afirma que &#8220;o uso desta vacina em mulheres gr\u00e1vidas n\u00e3o \u00e9 atualmente recomendado, a menos que estejam em risco de alta exposi\u00e7\u00e3o&#8221;.<\/p>\n<p>*Com informa\u00e7\u00f5es da Ag\u00eancia Brasil e Anvisa<\/p>\n","protected":false},"excerpt":{"rendered":"<p>Gr\u00e1vidas podem tomar, at\u00e9 o momento, as vacinas CoronaVac e Pfizer contra a Covid-19 A Ag\u00eancia Nacional de Vigil\u00e2ncia Sanit\u00e1ria (Anvisa) recomendou a suspens\u00e3o imediata&#8230;<\/p>\n","protected":false},"author":1182,"featured_media":31262,"comment_status":"closed","ping_status":"closed","sticky":false,"template":"","format":"standard","meta":{"footnotes":""},"categories":[6],"tags":[1705,3771,3339,4708,3436,4045,59,366,517,674],"class_list":["post-35066","post","type-post","status-publish","format-standard","has-post-thumbnail","hentry","category-noticias","tag-anvisa","tag-astrazeneca","tag-coronavac","tag-gravida","tag-orientacao","tag-pfizer","tag-rio-de-janeiro","tag-sao-paulo","tag-suspensao","tag-vacina"],"_links":{"self":[{"href":"https:\/\/www.sincomam.org.br\/index.php\/wp-json\/wp\/v2\/posts\/35066","targetHints":{"allow":["GET"]}}],"collection":[{"href":"https:\/\/www.sincomam.org.br\/index.php\/wp-json\/wp\/v2\/posts"}],"about":[{"href":"https:\/\/www.sincomam.org.br\/index.php\/wp-json\/wp\/v2\/types\/post"}],"author":[{"embeddable":true,"href":"https:\/\/www.sincomam.org.br\/index.php\/wp-json\/wp\/v2\/users\/1182"}],"replies":[{"embeddable":true,"href":"https:\/\/www.sincomam.org.br\/index.php\/wp-json\/wp\/v2\/comments?post=35066"}],"version-history":[{"count":11,"href":"https:\/\/www.sincomam.org.br\/index.php\/wp-json\/wp\/v2\/posts\/35066\/revisions"}],"predecessor-version":[{"id":35129,"href":"https:\/\/www.sincomam.org.br\/index.php\/wp-json\/wp\/v2\/posts\/35066\/revisions\/35129"}],"wp:featuredmedia":[{"embeddable":true,"href":"https:\/\/www.sincomam.org.br\/index.php\/wp-json\/wp\/v2\/media\/31262"}],"wp:attachment":[{"href":"https:\/\/www.sincomam.org.br\/index.php\/wp-json\/wp\/v2\/media?parent=35066"}],"wp:term":[{"taxonomy":"category","embeddable":true,"href":"https:\/\/www.sincomam.org.br\/index.php\/wp-json\/wp\/v2\/categories?post=35066"},{"taxonomy":"post_tag","embeddable":true,"href":"https:\/\/www.sincomam.org.br\/index.php\/wp-json\/wp\/v2\/tags?post=35066"}],"curies":[{"name":"wp","href":"https:\/\/api.w.org\/{rel}","templated":true}]}}