{"id":3505,"date":"2014-02-11T10:51:54","date_gmt":"2014-02-11T12:51:54","guid":{"rendered":"http:\/\/www.sincomam.org.br\/?p=3505"},"modified":"2014-02-11T14:38:33","modified_gmt":"2014-02-11T16:38:33","slug":"policiais-federais-anunciam-greve-a-partir-de-terca-em-21-estados-e-df","status":"publish","type":"post","link":"https:\/\/www.sincomam.org.br\/index.php\/policiais-federais-anunciam-greve-a-partir-de-terca-em-21-estados-e-df\/","title":{"rendered":"Policiais federais anunciam greve a partir de ter\u00e7a em 21 estados e DF"},"content":{"rendered":"<p><b><i>Fenapef diz que 7 mil agentes, escriv\u00e3es e papiloscopistas v\u00e3o aderir o protesto<\/i><\/b><\/p>\n<p>Agentes, escriv\u00e3es e papiloscopistas da Pol\u00edcia Federal de 21 estados e do Distrito Federal podem entrar em greve a partir desta ter\u00e7a-feira (11), segundo informou na \u00faltima sexta-feira (7) a Federa\u00e7\u00e3o Nacional dos Policiais Federais. Os policiais reivindicam melhores condi\u00e7\u00f5es de trabalho, aumento de sal\u00e1rio e aumento do efetivo.<\/p>\n<p>Segundo a entidade, a greve atingir\u00e1 os estados de S\u00e3o Paulo, Minas Gerais, Rio de Janeiro, Esp\u00edrito Santo, Santa Catarina, Goi\u00e1s, Rio Grande do Sul, Mato Grosso, Mato Grosso do Sul, Par\u00e1, Roraima, Rond\u00f4nia, Acre, Cear\u00e1, Alagoas, Pernambuco, Sergipe, Para\u00edba, Maranh\u00e3o, Piau\u00ed e Rio Grande do Norte e Distrito Federal.<\/p>\n<p>Apesar da paralisa\u00e7\u00e3o, servi\u00e7os como emiss\u00e3o de passaportes, fiscaliza\u00e7\u00e3o em aeroportos e nas fronteiras n\u00e3o ser\u00e3o afetados, segundo o presidente da Fenapef, Jones Borges Leal. J\u00e1 servi\u00e7os de investiga\u00e7\u00e3o, controle de produtos qu\u00edmicos e libera\u00e7\u00e3o de empresas de seguran\u00e7a ser\u00e3o afetados pela paralisa\u00e7\u00e3o.<\/p>\n<p><b>Greve 24hs<\/b><\/p>\n<p>Nesta ter\u00e7a-feira (11), os policiais federais realizaram uma nova mobiliza\u00e7\u00e3o para expor problemas de ass\u00e9dio moral e riscos \u00e0 sa\u00fade enfrentados no ambiente de trabalho, al\u00e9m de pedir aumento de sal\u00e1rio e aumento do efetivo. Na capital do pa\u00eds, 70% dos profissionais est\u00e3o parados. O grupo participou pela manh\u00e3 de uma reuni\u00e3o em frente \u00e0 sede do \u00f3rg\u00e3o, no Setor de Autarquias Sul, atr\u00e1s do Banco Central. O Brasil tem entre 11 mil e 13 mil policiais federais.<\/p>\n<p>De acordo com o Sindicato dos Policiais Federais do DF, a paralisa\u00e7\u00e3o vai durar 24 horas, mas n\u00e3o vai atrapalhar o atendimento ao p\u00fablico. Segundo o sindicato, entre 2011 e 2012 houve 15 suic\u00eddios e, no ano passado, 230 profissionais deixaram a corpora\u00e7\u00e3o.<\/p>\n<p>Fonte: G1<\/p>\n","protected":false},"excerpt":{"rendered":"<p>Fenapef diz que 7 mil agentes, escriv\u00e3es e papiloscopistas v\u00e3o aderir o protesto Agentes, escriv\u00e3es e papiloscopistas da Pol\u00edcia Federal de 21 estados e do&#8230;<\/p>\n","protected":false},"author":1182,"featured_media":3506,"comment_status":"closed","ping_status":"closed","sticky":false,"template":"","format":"standard","meta":{"footnotes":""},"categories":[6],"tags":[416,244,415],"class_list":["post-3505","post","type-post","status-publish","format-standard","has-post-thumbnail","hentry","category-noticias","tag-brasilia","tag-greve","tag-policia-federal"],"_links":{"self":[{"href":"https:\/\/www.sincomam.org.br\/index.php\/wp-json\/wp\/v2\/posts\/3505","targetHints":{"allow":["GET"]}}],"collection":[{"href":"https:\/\/www.sincomam.org.br\/index.php\/wp-json\/wp\/v2\/posts"}],"about":[{"href":"https:\/\/www.sincomam.org.br\/index.php\/wp-json\/wp\/v2\/types\/post"}],"author":[{"embeddable":true,"href":"https:\/\/www.sincomam.org.br\/index.php\/wp-json\/wp\/v2\/users\/1182"}],"replies":[{"embeddable":true,"href":"https:\/\/www.sincomam.org.br\/index.php\/wp-json\/wp\/v2\/comments?post=3505"}],"version-history":[{"count":1,"href":"https:\/\/www.sincomam.org.br\/index.php\/wp-json\/wp\/v2\/posts\/3505\/revisions"}],"predecessor-version":[{"id":3507,"href":"https:\/\/www.sincomam.org.br\/index.php\/wp-json\/wp\/v2\/posts\/3505\/revisions\/3507"}],"wp:featuredmedia":[{"embeddable":true,"href":"https:\/\/www.sincomam.org.br\/index.php\/wp-json\/wp\/v2\/media\/3506"}],"wp:attachment":[{"href":"https:\/\/www.sincomam.org.br\/index.php\/wp-json\/wp\/v2\/media?parent=3505"}],"wp:term":[{"taxonomy":"category","embeddable":true,"href":"https:\/\/www.sincomam.org.br\/index.php\/wp-json\/wp\/v2\/categories?post=3505"},{"taxonomy":"post_tag","embeddable":true,"href":"https:\/\/www.sincomam.org.br\/index.php\/wp-json\/wp\/v2\/tags?post=3505"}],"curies":[{"name":"wp","href":"https:\/\/api.w.org\/{rel}","templated":true}]}}